{"id":3644,"date":"2017-09-22T13:38:51","date_gmt":"2017-09-22T12:38:51","guid":{"rendered":"http:\/\/www.coteauxdublanzacais.fr\/?p=3644"},"modified":"2019-07-15T14:55:28","modified_gmt":"2019-07-15T13:55:28","slug":"3644","status":"publish","type":"post","link":"https:\/\/www.coteauxdublanzacais.fr\/?p=3644","title":{"rendered":"Inscription listes \u00e9lectorales"},"content":{"rendered":"<p><img loading=\"lazy\" decoding=\"async\" class=\"wp-image-3801 aligncenter\" src=\"http:\/\/www.coteauxdublanzacais.fr\/wp-content\/uploads\/2017\/09\/election-300x82.png\" alt=\"\" width=\"626\" height=\"171\" srcset=\"https:\/\/www.coteauxdublanzacais.fr\/wp-content\/uploads\/2017\/09\/election-300x82.png 300w, https:\/\/www.coteauxdublanzacais.fr\/wp-content\/uploads\/2017\/09\/election.png 544w\" sizes=\"auto, (max-width: 626px) 100vw, 626px\" \/><\/p>\n<p><span style=\"font-family: Arial,Helvetica,sans-serif; font-size: 14pt;\"><strong>Qui peut voter et qui peut demander \u00e0 \u00eatre inscrit sur les listes \u00e9lectorales<\/strong><\/span><\/p>\n<ul>\n<li><span style=\"font-family: Arial,Helvetica,sans-serif; font-size: 14pt;\">tous les Fran\u00e7ais majeurs jouissant de leurs droits civils et politiques ont le droit de voter, sans distinction de sexe, d\u2019origine, de religion ou de convictions politiques (article 3 de la Constitution)<\/span><\/li>\n<li><span style=\"font-family: Arial,Helvetica,sans-serif; font-size: 14pt;\">les ressortissants d\u2019un \u00c9tat membre de l\u2019Union europ\u00e9enne pour les \u00e9lections municipales et europ\u00e9ennes<\/span><\/li>\n<li><span style=\"font-family: Arial,Helvetica,sans-serif; font-size: 14pt;\">les majeurs, c\u2019est-\u00e0-dire \u00eatre \u00e2g\u00e9 de plus de 18 ans<\/span><\/li>\n<li><span style=\"font-family: Arial,Helvetica,sans-serif; font-size: 14pt;\">les habitants de Coteaux-du-Blanzacais nouvellement arriv\u00e9s ou ayant chang\u00e9 d\u2019adresse sur Coteaux-du-Blanzacais<\/span><\/li>\n<\/ul>\n<p><span style=\"font-family: Arial,Helvetica,sans-serif; font-size: 14pt;\"><strong>Comment s\u2019inscrire<\/strong><\/span><\/p>\n<p><span style=\"font-family: Arial,Helvetica,sans-serif; font-size: 14pt;\">Les inscriptions sur les listes \u00e9lectorales fran\u00e7aises et compl\u00e9mentaires pour les ressortissants de l\u2019Union europ\u00e9enne sont re\u00e7ues \u00e0 la mairie de Coteaux-du-Blanzacais o\u00f9 dans les&nbsp; mairies annexes de Cressac-Saint-Genis et Saint-L\u00e9ger toute l&rsquo;ann\u00e9e ou 2 mois avant chaque \u00e9lection, aux horaires d&rsquo;ouverture.<\/span><\/p>\n<p><span style=\"font-family: Arial,Helvetica,sans-serif; font-size: 14pt;\"><strong>Les pi\u00e8ces \u00e0 fournir<\/strong><\/span><\/p>\n<ul>\n<li><span style=\"font-family: Arial,Helvetica,sans-serif; font-size: 14pt;\">une pi\u00e8ce d\u2019identit\u00e9 (carte nationale d\u2019identit\u00e9, passeport, livret de famille avec preuve de la nationalit\u00e9 fran\u00e7aise, d\u00e9cret de naturalisation)<\/span><\/li>\n<li><span style=\"font-family: Arial,Helvetica,sans-serif; font-size: 14pt;\">un justificatif de domicile (quittance de loyer, d\u2019\u00e9lectricit\u00e9, gaz, t\u00e9l\u00e9phone fixe, assurance eau, titre de propri\u00e9t\u00e9 ou certificat d\u2019imposition\u2026de moins de 6 mois)<\/span><\/li>\n<\/ul>\n<p><span style=\"font-family: Arial,Helvetica,sans-serif; font-size: 14pt;\"><strong>T\u00e9l\u00e9charger<\/strong><\/span><\/p>\n<ul>\n<li><span style=\"color: #000000; font-family: Arial,Helvetica,sans-serif; font-size: 14pt;\"><a href=\"http:\/\/www.coteauxdublanzacais.fr\/wp-content\/uploads\/2017\/09\/cerfa_12669_01.pdf\" target=\"_blank\" rel=\"noopener noreferrer\">Demande d&rsquo;inscription sur les listes \u00e9lectorales \u00e0 l&rsquo;usage des citoyens fran\u00e7ais<\/a><\/span><\/li>\n<li><span style=\"color: #339966; font-family: Arial,Helvetica,sans-serif; font-size: 14pt;\"><a href=\"http:\/\/www.coteauxdublanzacais.fr\/wp-content\/uploads\/2017\/09\/cerfa_12670-01.pdf\" target=\"_blank\" rel=\"noopener noreferrer\">Demande d&rsquo;inscription sur les listes \u00e9lectorales \u00e0 l&rsquo;usage des citoyens non fran\u00e7ais ressortissants europ\u00e9ens &#8211; Elections Municipales<\/a><\/span><\/li>\n<li><span style=\"color: #339966; font-family: Arial,Helvetica,sans-serif; font-size: 14pt;\"><a href=\"http:\/\/www.coteauxdublanzacais.fr\/wp-content\/uploads\/2017\/09\/cerfa_12671-01.pdf\" target=\"_blank\" rel=\"noopener noreferrer\">Demande d&rsquo;inscription sur les listes \u00e9lectorales \u00e0 l&rsquo;usage des citoyens non fran\u00e7ais ressortissants europ\u00e9ens &#8211; Elections Europ\u00e9ennes<\/a><\/span><\/li>\n<\/ul>\n<p><span style=\"font-family: Arial,Helvetica,sans-serif; font-size: 14pt;\"><strong>Inscription en ligne<\/strong><\/span><\/p>\n<p><span style=\"font-family: Arial,Helvetica,sans-serif; font-size: 14pt;\">Vous pouvez vous inscrire sur les listes \u00e9lectorales en vous rendant sur <a href=\"https:\/\/mon.service-public.fr\/\">https:\/\/mon.service-public.fr<\/a> puis, apr\u00e8s vous \u00eatre identifi\u00e9, remplir votre demande en ligne.<\/span><\/p>\n<p><span style=\"font-family: Arial,Helvetica,sans-serif; font-size: 14pt;\"><strong>Inscription des jeunes de 18 ans<\/strong><\/span><\/p>\n<p><span style=\"font-family: Arial,Helvetica,sans-serif; font-size: 14pt;\">Depuis la loi du 10 novembre 1997, les jeunes ayant atteint l\u2019\u00e2ge de 18 ans entre deux op\u00e9rations de r\u00e9visions de listes \u00e9lectorales y sont inscrits d\u2019office. Ainsi vous entrez dans le cadre de cette loi si vous avez eu ou si vous aurez 18 ans entre le 1er mars de l\u2019ann\u00e9e en cours et le 28 f\u00e9vrier de l\u2019ann\u00e9e suivante et si vous vous \u00eates fait recenser au titre du <a href=\"http:\/\/www.coteauxdublanzacais.fr\/?p=3703\" target=\"_blank\" rel=\"noopener noreferrer\">recensement militaire<\/a> dans votre 16<sup>\u00e8me<\/sup> ann\u00e9e et un trimestre. Toutefois, v\u00e9rifiez que votre inscription est bien prise en compte.<\/span><\/p>\n<p><span style=\"font-family: Arial,Helvetica,sans-serif; font-size: 14pt;\"><strong>Inscription des ressortissants europ\u00e9ens<\/strong><\/span><\/p>\n<p><span style=\"font-family: Arial,Helvetica,sans-serif; font-size: 14pt;\">Les ressortissants europ\u00e9ens peuvent s\u2019inscrire sur les listes compl\u00e9mentaires pour les \u00e9lections europ\u00e9ennes et municipales. Ainsi :<\/span><\/p>\n<ul>\n<li><span style=\"font-family: Arial,Helvetica,sans-serif; font-size: 14pt;\">vous \u00eates ressortissant d\u2019un \u00e9tat membre de l\u2019union europ\u00e9enne (Allemagne, Autriche, Belgique, Bulgarie, Chypre, Danemark, Espagne, Estonie, Finlande, Grande-Bretagne, Gr\u00e8ce, Hongrie, Irlande, Italie, Lettonie, Lituanie, Luxembourg, Malte, Pays-Bas, Pologne, Portugal, Roumanie, Slov\u00e9nie, Slovaquie, Su\u00e8de, R\u00e9publique Tch\u00e8que)<\/span><\/li>\n<li><span style=\"font-family: Arial,Helvetica,sans-serif; font-size: 14pt;\">vous avez 18 ans r\u00e9volus ou vous allez les avoir au plus tard le 28 f\u00e9vrier de l\u2019ann\u00e9e prochaine<\/span><\/li>\n<li><span style=\"font-family: Arial,Helvetica,sans-serif; font-size: 14pt;\">vous pouvez justifier d\u2019un domicile ou d\u2019une r\u00e9sidence<\/span><\/li>\n<li><span style=\"font-family: Arial,Helvetica,sans-serif; font-size: 14pt;\">vous n\u2019\u00eates pas priv\u00e9 du droit de vote dans votre pays<\/span><\/li>\n<\/ul>\n<p><span style=\"font-family: Arial,Helvetica,sans-serif; font-size: 14pt;\"><strong>Inscrivez-vous sur les listes \u00e9lectorales compl\u00e9mentaires<\/strong><\/span><\/p>\n<p><span style=\"font-family: Arial,Helvetica,sans-serif; font-size: 14pt;\">Vous avez jusqu\u2019au 31 d\u00e9cembre pour vous pr\u00e9senter au bureau Accueil de l\u2019H\u00f4tel de Ville.<\/span><\/p>\n<p><span style=\"font-family: Arial,Helvetica,sans-serif; font-size: 14pt;\"><strong>Pi\u00e8ces \u00e0 fournir<\/strong><\/span><\/p>\n<p><span style=\"font-family: Arial,Helvetica,sans-serif; font-size: 14pt;\">Vous devez produire les pi\u00e8ces justificatives exig\u00e9es des ressortissants fran\u00e7ais pour l\u2019inscription sur les listes \u00e9lectorales, \u00e0 savoir :<\/span><\/p>\n<ul>\n<li><span style=\"font-family: Arial,Helvetica,sans-serif; font-size: 14pt;\">une pi\u00e8ce d\u2019identit\u00e9<\/span><\/li>\n<li><span style=\"font-family: Arial,Helvetica,sans-serif; font-size: 14pt;\">un justificatif de domicile ou de paiement des imp\u00f4ts locaux<\/span><\/li>\n<li><span style=\"font-family: Arial,Helvetica,sans-serif; font-size: 14pt;\">une d\u00e9claration \u00e9crite qui varie selon l\u2019\u00e9lection<\/span><\/li>\n<\/ul>\n<p><span style=\"font-family: Arial,Helvetica,sans-serif; font-size: 14pt;\">Compl\u00e9ments d\u2019informations sur <a href=\"http:\/\/www.service-public.fr\/recherche\/afsrecherche.php?afs%3Aquery=election\">Service Public.fr<\/a><\/span><\/p>\n<p><span style=\"font-family: Arial,Helvetica,sans-serif; font-size: 14pt;\"><strong>Vous avez chang\u00e9 de domicile<\/strong><\/span><\/p>\n<p><span style=\"font-family: Arial,Helvetica,sans-serif; font-size: 14pt;\">Ce changement est \u00e0 signaler en mairie. Si vous avez d\u00e9m\u00e9nag\u00e9 sur une autre commune, vous devez vous inscrire \u00e0 la mairie de votre nouveau domicile avant le 31 d\u00e9cembre.<\/span><\/p>\n<p><span style=\"font-family: Arial,Helvetica,sans-serif; font-size: 14pt;\"><strong>Vous ne poss\u00e9dez plus ou pas votre carte d\u2019\u00e9lecteur (perte ou vol)<\/strong><\/span><\/p>\n<p><span style=\"font-family: Arial,Helvetica,sans-serif; font-size: 14pt;\">Vous pourrez voter avec votre pi\u00e8ce d\u2019identit\u00e9 sous r\u00e9serve que vous soyez inscrit sur les listes \u00e9lectorales. La carte d\u2019\u00e9lecteur est le document qui atteste l\u2019inscription sur les listes \u00e9lectorales.<\/span><\/p>\n","protected":false},"excerpt":{"rendered":"<p>Qui peut voter et qui peut demander \u00e0 \u00eatre inscrit sur les listes \u00e9lectorales tous les Fran\u00e7ais majeurs jouissant de leurs droits civils et politiques ont le droit de voter, sans distinction de sexe, d\u2019origine, de religion ou de convictions<\/p>\n","protected":false},"author":4,"featured_media":0,"comment_status":"closed","ping_status":"closed","sticky":false,"template":"","format":"standard","meta":{"ngg_post_thumbnail":0,"footnotes":""},"categories":[1],"tags":[],"class_list":["post-3644","post","type-post","status-publish","format-standard","hentry","category-non-classe"],"_links":{"self":[{"href":"https:\/\/www.coteauxdublanzacais.fr\/index.php?rest_route=\/wp\/v2\/posts\/3644","targetHints":{"allow":["GET"]}}],"collection":[{"href":"https:\/\/www.coteauxdublanzacais.fr\/index.php?rest_route=\/wp\/v2\/posts"}],"about":[{"href":"https:\/\/www.coteauxdublanzacais.fr\/index.php?rest_route=\/wp\/v2\/types\/post"}],"author":[{"embeddable":true,"href":"https:\/\/www.coteauxdublanzacais.fr\/index.php?rest_route=\/wp\/v2\/users\/4"}],"replies":[{"embeddable":true,"href":"https:\/\/www.coteauxdublanzacais.fr\/index.php?rest_route=%2Fwp%2Fv2%2Fcomments&post=3644"}],"version-history":[{"count":13,"href":"https:\/\/www.coteauxdublanzacais.fr\/index.php?rest_route=\/wp\/v2\/posts\/3644\/revisions"}],"predecessor-version":[{"id":6703,"href":"https:\/\/www.coteauxdublanzacais.fr\/index.php?rest_route=\/wp\/v2\/posts\/3644\/revisions\/6703"}],"wp:attachment":[{"href":"https:\/\/www.coteauxdublanzacais.fr\/index.php?rest_route=%2Fwp%2Fv2%2Fmedia&parent=3644"}],"wp:term":[{"taxonomy":"category","embeddable":true,"href":"https:\/\/www.coteauxdublanzacais.fr\/index.php?rest_route=%2Fwp%2Fv2%2Fcategories&post=3644"},{"taxonomy":"post_tag","embeddable":true,"href":"https:\/\/www.coteauxdublanzacais.fr\/index.php?rest_route=%2Fwp%2Fv2%2Ftags&post=3644"}],"curies":[{"name":"wp","href":"https:\/\/api.w.org\/{rel}","templated":true}]}}