{"id":3703,"date":"2017-09-22T14:51:33","date_gmt":"2017-09-22T13:51:33","guid":{"rendered":"http:\/\/www.coteauxdublanzacais.fr\/?p=3703"},"modified":"2025-11-26T09:20:16","modified_gmt":"2025-11-26T08:20:16","slug":"autres-demarches-civiles","status":"publish","type":"post","link":"https:\/\/www.coteauxdublanzacais.fr\/?p=3703","title":{"rendered":"Autres d\u00e9marches civiles"},"content":{"rendered":"<p><span style=\"color: #0da843; font-family: Arial,Helvetica,sans-serif; font-size: 14pt;\">Livret de famille<\/span><\/p>\n<p><span style=\"color: #0da843; font-family: Arial,Helvetica,sans-serif; font-size: 14pt;\">Autorisation de sortie du territoire<\/span><\/p>\n<p><span style=\"color: #0da843; font-family: Arial,Helvetica,sans-serif; font-size: 14pt;\">Extrait d\u2019acte de naissance, mariage ou d\u00e9c\u00e8s<\/span><\/p>\n<p><span style=\"color: #0da843; font-family: Arial,Helvetica,sans-serif; font-size: 14pt;\">Titre de s\u00e9jour<\/span><\/p>\n<p><span style=\"color: #0da843; font-family: Arial,Helvetica,sans-serif; font-size: 14pt;\">Naturalisation<\/span><\/p>\n<p><span style=\"color: #0da843; font-family: Arial,Helvetica,sans-serif; font-size: 14pt;\">Recensement militaire<\/span><\/p>\n<p>&nbsp;<\/p>\n<h2 style=\"text-align: center;\"><span style=\"color: #0da843; font-family: Arial,Helvetica,sans-serif; font-size: 18pt;\"><strong>Duplicata de Livret de famille<\/strong><\/span><\/h2>\n<p><span style=\"font-family: Arial,Helvetica,sans-serif; font-size: 14pt;\">Ce duplicata est d\u00e9livr\u00e9 gratuitement. Il faut faire votre demande \u00e0 la mairie de votre lieu de r\u00e9sidence. Il est important de joindre les renseignements d\u2019\u00e9tat-civil du conjoint et des enfants pour permettre l\u2019\u00e9tablissement de ce duplicata. Votre commune de r\u00e9sidence s\u2019adressera directement \u00e0 la commune qui vous a mari\u00e9 et qui renverra le duplicata de livret de famille. A la r\u00e9ception de celui-ci, votre mairie vous contactera par courrier pour que vous puissiez venir le r\u00e9cup\u00e9rer, muni d\u2019une pi\u00e8ce d\u2019identit\u00e9.<\/span><\/p>\n<h2>&nbsp;<\/h2>\n<h2 style=\"text-align: center;\"><span style=\"color: #0da843; font-family: Arial,Helvetica,sans-serif; font-size: 18pt;\"><strong>L&rsquo;autorisation de sortie du territoire<\/strong><\/span><\/h2>\n<p><span style=\"font-family: Arial,Helvetica,sans-serif; font-size: 14pt;\">Depuis le 15 janvier 2017, tout enfant, quelle que soit sa nationalit\u00e9 et qui r\u00e9side habituellement en France, quittant le territoire national sans \u00eatre accompagn\u00e9 d&rsquo;un titulaire de l&rsquo;autorit\u00e9 parentale, doit \u00eatre muni d&rsquo;une autorisation de sortie du territoire sign\u00e9e d&rsquo;un titulaire de l&rsquo;autorit\u00e9 parentale.<\/span><\/p>\n<p><span style=\"font-family: Arial,Helvetica,sans-serif; font-size: 14pt;\">Le mineur voyage seul dans les Outre-mer ou en Corse : aucune autorisation de sortie du territoire ne sera exig\u00e9e lorsque le mineur voyage en Corse ou entre la m\u00e9tropole et les Outre-mer, d\u00e8s lors que le trajet est direct et ne n\u00e9cessite aucune escale dans un pays \u00e9tranger.<\/span><\/p>\n<p><span style=\"font-family: Arial,Helvetica,sans-serif; font-size: 14pt;\">Le mineur voyage seul dans un pays de l\u2019Union europ\u00e9enne : selon sa nationalit\u00e9, il doit \u00eatre en possession d\u2019une carte nationale d\u2019identit\u00e9 valide ou d\u2019un passeport valide ainsi que d\u2019une autorisation de sortie du territoire.<\/span><\/p>\n<p><span style=\"font-family: Arial,Helvetica,sans-serif; font-size: 14pt;\">Le mineur voyage seul dans un pays hors Union europ\u00e9enne : il doit se munir d\u2019un passeport valide et, selon les pays, d\u2019un visa ainsi que d\u2019une autorisation de sortie du territoire. Le passeport seul ne vaut plus autorisation de quitter le territoire fran\u00e7ais.<\/span><\/p>\n<p><span style=\"font-family: Arial,Helvetica,sans-serif; font-size: 14pt;\">Aucune d\u00e9marche en mairie ou en pr\u00e9fecture n\u2019est n\u00e9cessaire, le formulaire CERFA d\u2019autorisation de sortie du territoire \u00e9tant t\u00e9l\u00e9chargeable directement sur le site <a href=\"https:\/\/www.service-public.fr\/particuliers\/vosdroits\/F1359\" target=\"_blank\" rel=\"noopener noreferrer\">https:\/\/www.service-public.fr<\/a>.<\/span><\/p>\n<p><span style=\"font-family: Arial,Helvetica,sans-serif; font-size: 14pt;\">L\u2019article 49 de la loi n\u00b02016-731 du 3 juin 2016 renfor\u00e7ant la lutte contre le crime organis\u00e9, le terrorisme et leur financement, et am\u00e9liorant l&rsquo;efficacit\u00e9 et les garanties de la proc\u00e9dure p\u00e9nale cr\u00e9e l\u2019obligation de pr\u00e9sentation d\u2019une autorisation de sortie du territoire pour tout mineur, non accompagn\u00e9 de son repr\u00e9sentant l\u00e9gal, quittant le territoire fran\u00e7ais.<\/span><\/p>\n<p><span style=\"font-family: Arial,Helvetica,sans-serif; font-size: 14pt;\">Le d\u00e9cret n\u00b02016-1483 du 2 novembre 2016 relatif \u00e0 l\u2019autorisation de sortie du territoire d\u2019un mineur non accompagn\u00e9 par un titulaire de l\u2019autorit\u00e9 parentale ainsi que l\u2019arr\u00eat\u00e9 du 13 d\u00e9cembre 2016 fixant les modalit\u00e9s d\u2019application du d\u00e9cret susvis\u00e9 en pr\u00e9cisent la mise en \u0153uvre pratique.<\/span><\/p>\n<p><span style=\"font-family: Arial,Helvetica,sans-serif; font-size: 14pt;\">A chaque sortie du territoire national, le formulaire, d\u00fbment renseign\u00e9 et sign\u00e9 par un titulaire de l\u2019autorit\u00e9 parentale, est accompagn\u00e9 de la photocopie lisible d\u2019un document officiel justifiant de l\u2019identit\u00e9 du signataire (essentiellement la carte nationale d\u2019identit\u00e9 ou le passeport).<\/span><\/p>\n<p><span style=\"font-family: Arial,Helvetica,sans-serif; font-size: 14pt;\">Ce document officiel comporte obligatoirement : <\/span><br \/>\n<span style=\"font-family: Arial,Helvetica,sans-serif; font-size: 14pt;\">&#8211; les nom et pr\u00e9noms du titulaire ; <\/span><br \/>\n<span style=\"font-family: Arial,Helvetica,sans-serif; font-size: 14pt;\">&#8211; ses date et lieu de naissance ;<\/span><br \/>\n<span style=\"font-family: Arial,Helvetica,sans-serif; font-size: 14pt;\">&#8211; sa photographie <\/span><br \/>\n<span style=\"font-family: Arial,Helvetica,sans-serif; font-size: 14pt;\">&#8211; sa signature ;<\/span><br \/>\n<span style=\"font-family: Arial,Helvetica,sans-serif; font-size: 14pt;\">&#8211; les dates de d\u00e9livrance et de validit\u00e9 du document ainsi que l\u2019autorit\u00e9 de d\u00e9livrance.<\/span><\/p>\n<p><span style=\"font-family: Arial,Helvetica,sans-serif; font-size: 14pt;\">L\u2019autorisation de sortie du territoire ne comportant pas de photo, elle doit toujours \u00eatre accompagn\u00e9e d\u2019un document attestant de l\u2019identit\u00e9 du mineur et correspondant au(x) document(s) de voyage requis par le pays de destination. <\/span><\/p>\n<p><span style=\"font-family: Arial,Helvetica,sans-serif; font-size: 14pt;\">L\u2019autorisation de sortie du territoire est applicable \u00e0 tous les voyages (individuel, collectif\u2026). Sa dur\u00e9e de validit\u00e9 est fix\u00e9e par le signataire de l\u2019autorisation sur le formulaire mais ne peut pas exc\u00e9der un an (prise en compte, notamment, de l\u2019ann\u00e9e scolaire, stage ou formation \u00e0 l\u2019\u00e9tranger).<\/span><\/p>\n<p>&nbsp;<\/p>\n<h2 style=\"text-align: center;\"><span style=\"color: #0da843; font-family: Arial,Helvetica,sans-serif; font-size: 18pt;\"><strong>Fiche d\u2019\u00e9tat-civil (individuelle ou familiale)<\/strong><\/span><\/h2>\n<p><span style=\"font-family: Arial,Helvetica,sans-serif; font-size: 14pt;\">Supprim\u00e9e depuis le 28 d\u00e9cembre 2000.<\/span><br \/>\n<span style=\"font-family: Arial,Helvetica,sans-serif; font-size: 14pt;\"> La fiche individuelle est remplac\u00e9e par la photocopie de la carte d\u2019identit\u00e9 en cours de validit\u00e9. La fiche familiale est remplac\u00e9e par la photocopie du livret de famille \u00e0 jour.<\/span><\/p>\n<p>&nbsp;<\/p>\n<h2 style=\"text-align: center;\"><span style=\"color: #0da843; font-family: Arial,Helvetica,sans-serif; font-size: 18pt;\"><strong>Extrait d\u2019acte<\/strong><\/span><\/h2>\n<p><span style=\"font-family: Arial,Helvetica,sans-serif; font-size: 14pt;\">L\u2019extrait d\u2019acte de naissance est une copie du registre d\u2019\u00e9tat civil qui recense les actes juridiques propres \u00e0 chaque personne.<\/span><br \/>\n<span style=\"font-family: Arial,Helvetica,sans-serif; font-size: 14pt;\"> Aujourd\u2019hui, les naissances, les mariages et les d\u00e9c\u00e8s sont \u00e0 d\u00e9clarer obligatoirement \u00e0 la mairie de la commune o\u00f9 ils surviennent. C\u2019est pourquoi les actes doivent \u00eatre adress\u00e9s \u00e0 la mairie de la commune o\u00f9 s\u2019est produit l\u2019\u00e9v\u00e9nement (o\u00f9 a \u00e9t\u00e9 c\u00e9l\u00e9br\u00e9 le mariage, ou d\u00e9clar\u00e9 la naissance ou le d\u00e9c\u00e8s).<\/span><\/p>\n<p><span style=\"color: #0da843; font-size: 14pt;\"><strong><span style=\"font-family: Arial,Helvetica,sans-serif;\">Acte Etat civil&nbsp; ant\u00e9rieur \u00e0&nbsp; 1933 (naissance, mariage d\u00e9c\u00e8s)<\/span><\/strong><\/span><\/p>\n<p><span style=\"font-family: Arial,Helvetica,sans-serif; font-size: 14pt;\">Les registres d&rsquo;\u00e9tat civil (naissances, mariages, d\u00e9c\u00e8s) de Coteaux-du-Blanzacais de 1793 \u00e0 1932 sont directement consultables sur le site des <a href=\"http:\/\/www.archives16.fr\/article.php?laref=15&amp;message=Pour+acc%E9der+%E0+ce+fonds%2C+vous+devez+accepter+la+licence\"><span style=\"color: #339966;\"><span style=\"color: #0da843;\">Archives D\u00e9partementales de la Charente<\/span><\/span><\/a><\/span><\/p>\n<p><span style=\"font-family: Arial,Helvetica,sans-serif; font-size: 14pt;\">Pour vous aider dans vos recherches, vous pouvez \u00e9galement consulter les tables d\u00e9cennales de cette m\u00eame p\u00e9riode (les tables d\u00e9cennales de naissance, mariage et d\u00e9c\u00e8s reprennent alphab\u00e9tiquement l\u2019ensemble des actes publi\u00e9s ; ces tables permettent de trouver la date d\u2019un acte afin de pouvoir ensuite le consulter dans les registres d\u2019\u00e9tat civil).<\/span><\/p>\n<p>&nbsp;<\/p>\n<p><span style=\"color: #0da843; font-size: 14pt;\"><strong><span style=\"font-family: Arial,Helvetica,sans-serif;\">Acte Etat civil&nbsp; de 1933 \u00e0 nos jours (naissance, mariage d\u00e9c\u00e8s)<\/span><\/strong><\/span><\/p>\n<p><span style=\"font-family: Arial,Helvetica,sans-serif; font-size: 14pt;\"><strong>Sinon o\u00f9 s&rsquo;adresser ?<\/strong><\/span><\/p>\n<p><span style=\"font-family: Arial,Helvetica,sans-serif; font-size: 14pt;\">&#8211; <strong>actes de naissance : <\/strong>mairie du lieu de naissance ;<\/span><\/p>\n<p><span style=\"font-family: Arial,Helvetica,sans-serif; font-size: 14pt;\">&#8211; <strong>actes de mariage : <\/strong>mairie dans laquelle le mariage civil a \u00e9t\u00e9 c\u00e9l\u00e9br\u00e9 ;<\/span><\/p>\n<p><span style=\"font-family: Arial,Helvetica,sans-serif; font-size: 14pt;\">&#8211; <strong>actes de d\u00e9c\u00e8s : <\/strong>mairie du lieu de d\u00e9c\u00e8s ou mairie du dernier domicile du d\u00e9funt.<\/span><\/p>\n<h5><strong><span style=\"color: #339966;\">Pour les actes de d\u00e9c\u00e8s apr\u00e8s 1970<\/span><\/strong> : <a href=\"https:\/\/deces.matchid.io\/search\" target=\"_blank\" rel=\"noopener\"><strong>Cliquez ici<\/strong><\/a><\/h5>\n<p>&nbsp;<\/p>\n<p><span style=\"font-family: Arial,Helvetica,sans-serif; font-size: 14pt; color: #0da843;\">Pour les personnes de <strong>nationalit\u00e9 fran\u00e7aise<\/strong> n\u00e9es, reconnues, mari\u00e9es ou d\u00e9c\u00e9d\u00e9es <strong>\u00e0 Blanzac, Porcheresse, Cressac,Saint-Genis et Saint-L\u00e9ger<br \/>\n<\/strong><\/span><\/p>\n<p><span style=\"font-family: Arial,Helvetica,sans-serif; font-size: 14pt;\">En se rendant directement au guichet de l\u2019accueil de la mairie, la personne concern\u00e9e doit pr\u00e9senter sa carte d\u2019identit\u00e9 et\/ou livret de famille pour que le document lui soit remis. A d\u00e9faut, si la personne formulant la demande n\u2019est pas l\u2019int\u00e9ress\u00e9e, un document prouvant son affiliation avec la personne figurant sur l\u2019acte devra \u00eatre pr\u00e9sent\u00e9 (livret de famille par exemple).<\/span><\/p>\n<p><span style=\"font-family: Arial,Helvetica,sans-serif; font-size: 14pt;\">Par courriel \u00e0 l\u2019adresse <a href=\"mailto:mairie@coteauxdublanzacais.fr\" target=\"_blank\" rel=\"noopener noreferrer\">mairie@coteauxdublanzacais.fr<\/a> en indiquant :<\/span><\/p>\n<ul>\n<li><span style=\"font-family: Arial,Helvetica,sans-serif; font-size: 14pt;\">les nom, pr\u00e9noms&nbsp;<\/span><\/li>\n<li><span style=\"font-family: Arial,Helvetica,sans-serif; font-size: 14pt;\"> date de naissance de l\u2019int\u00e9ress\u00e9(e) et lieu de naissance<br \/>\n<\/span><\/li>\n<li><span style=\"font-family: Arial,Helvetica,sans-serif; font-size: 14pt;\">les noms et pr\u00e9noms de ses parents<\/span><\/li>\n<\/ul>\n<p><span style=\"font-family: Arial,Helvetica,sans-serif; font-size: 14pt;\">ou en fournissant la photocopie de sa carte nationale d\u2019identit\u00e9<\/span><\/p>\n<ul>\n<li><span style=\"font-family: Arial,Helvetica,sans-serif; font-size: 14pt;\">le nombre d\u2019acte souhait\u00e9<\/span><\/li>\n<li><span style=\"font-family: Arial,Helvetica,sans-serif; font-size: 14pt;\">ses coordonn\u00e9es postales pour l\u2019envoi des actes<\/span><\/li>\n<\/ul>\n<p>&nbsp;<\/p>\n<p><span style=\"font-family: Arial,Helvetica,sans-serif; font-size: 14pt; color: #0da843;\">Pour les personnes de <strong>nationalit\u00e9 fran\u00e7aise<\/strong> n\u00e9es, reconnues, mari\u00e9es ou d\u00e9c\u00e9d\u00e9es <strong>dans une autre commune<\/strong><\/span><\/p>\n<p><span style=\"font-family: Arial,Helvetica,sans-serif; font-size: 14pt;\">En adressant un courrier \u00e0 la commune concern\u00e9e et en pr\u00e9cisant :<\/span><\/p>\n<ul>\n<li><span style=\"font-family: Arial,Helvetica,sans-serif; font-size: 14pt;\">les nom, pr\u00e9noms et date de naissance de l\u2019int\u00e9ress\u00e9(e)<\/span><\/li>\n<li><span style=\"font-family: Arial,Helvetica,sans-serif; font-size: 14pt;\">les noms et pr\u00e9noms de ses parents<\/span><\/li>\n<li><span style=\"font-family: Arial,Helvetica,sans-serif; font-size: 14pt;\">les nom et pr\u00e9noms du conjoint, date, lieu et toute indication li\u00e9e \u00e0 l\u2019\u00e9v\u00e9nement (acte de mariage)<\/span><\/li>\n<\/ul>\n<p><span style=\"font-family: Arial,Helvetica,sans-serif; font-size: 14pt;\">Nota : indiquer le nom de jeune fille pour les femmes mari\u00e9es<\/span><\/p>\n<p><span style=\"font-family: Arial,Helvetica,sans-serif; font-size: 14pt;\">En remplissant sur internet, le formulaire en ligne du site officiel <a href=\"https:\/\/mdel.mon.service-public.fr\/acte-etat-civil.html\">mon.service-public.fr<\/a><\/span><\/p>\n<p>&nbsp;<\/p>\n<p><span style=\"font-family: Arial,Helvetica,sans-serif; font-size: 14pt; color: #0da843;\">Pour les personnes de <strong>nationalit\u00e9 fran\u00e7ais<\/strong>e n\u00e9es, reconnues, mari\u00e9es ou d\u00e9c\u00e9d\u00e9es <strong>\u00e0 l\u2019\u00e9tranger<\/strong><\/span><\/p>\n<p><a href=\"https:\/\/www.service-public.fr\/particuliers\/vosdroits\/R1405\" target=\"_blank\" rel=\"noopener\"><strong><span style=\"font-family: Arial,Helvetica,sans-serif; font-size: 14pt;\">D\u00e9marche gratuite pr\u00e9conis\u00e9e<\/span><\/strong><\/a><\/p>\n<p>&nbsp;<\/p>\n<p><span style=\"font-family: Arial,Helvetica,sans-serif; font-size: 14pt; color: #0da843;\">Pour les personnes de <strong>nationalit\u00e9 \u00e9trang\u00e8re<\/strong> n\u00e9es, reconnues, mari\u00e9es ou d\u00e9c\u00e9d\u00e9es <strong>\u00e0 l\u2019\u00e9tranger<\/strong><\/span><\/p>\n<p><span style=\"font-family: Arial,Helvetica,sans-serif; font-size: 14pt;\">Les actes doivent \u00eatre demand\u00e9s \u00e0 l\u2019ambassade ou au consulat du pays d\u2019origine, ou directement \u00e0 la commune o\u00f9 a eu lieu l\u2019\u00e9v\u00e9nement.<\/span><br \/>\n<span style=\"font-family: Arial,Helvetica,sans-serif; font-size: 14pt;\"> Attention: les actes devront \u00eatre r\u00e9dig\u00e9s en langue fran\u00e7aise et selon le pays d\u2019origine, la prestation pourra \u00eatre payante.<\/span><\/p>\n<p><span style=\"font-family: Arial,Helvetica,sans-serif; font-size: 14pt;\">Les personnes b\u00e9n\u00e9ficiaires du statut de r\u00e9fugi\u00e9 ou d&rsquo;apatride peuvent obtenir des certificats tenant lieu d&rsquo;actes de l&rsquo;\u00e9tat civil en s&rsquo;adressant \u00e0 l&rsquo;<a href=\"https:\/\/www.ofpra.gouv.fr\/detail\/acte\/accueilFormulaire\/index.html\"><strong>Office fran\u00e7ais de protection des r\u00e9fugi\u00e9s et apatrides<\/strong><\/a>.<\/span><\/p>\n<p><span style=\"font-family: Arial,Helvetica,sans-serif; font-size: 14pt;\">Pour certaines d\u00e9marches aupr\u00e8s d\u2019autorit\u00e9s \u00e9trang\u00e8res, les actes d\u2019\u00e9tat civil peuvent \u00eatre r\u00e9dig\u00e9s sous la forme <a href=\"http:\/\/vosdroits.service-public.fr\/particuliers\/F1374.xhtml\">plurilingue<\/a><\/span><\/p>\n<p>&nbsp;<\/p>\n<p><span style=\"font-family: Arial,Helvetica,sans-serif; font-size: 14pt;\"><strong><span style=\"color: #0da843;\">A noter:<\/span><br \/>\n<\/strong><\/span><\/p>\n<p><span style=\"font-family: Arial,Helvetica,sans-serif; font-size: 14pt;\">Tout acte de plus de 75 ans peut \u00eatre d\u00e9livr\u00e9 sans n\u00e9cessit\u00e9 de lien de parent\u00e9.<\/span><\/p>\n<p><span style=\"font-family: Arial,Helvetica,sans-serif; font-size: 14pt;\"><strong>Conditions de d\u00e9livrance d&rsquo;une copie ou d&rsquo;un extrait d&rsquo;acte d&rsquo;\u00e9tat civil&nbsp;:<\/strong><\/span><br \/>\n<span style=\"font-family: Arial,Helvetica,sans-serif; font-size: 14pt;\"> Les copies d&rsquo;acte de d\u00e9c\u00e8s peuvent \u00eatre d\u00e9livr\u00e9es \u00e0 toute personne&nbsp;; il en est de m\u00eame pour les extraits sans filiation d&rsquo;acte de naissance ou de mariage.<\/span><br \/>\n<span style=\"font-family: Arial,Helvetica,sans-serif; font-size: 14pt;\"> <strong>Par contre, pour obtenir une copie int\u00e9grale ou un extrait avec filiation (avec indication des p\u00e8re et m\u00e8re) d&rsquo;acte de naissance ou de mariage, le demandeur doit satisfaire trois conditions<\/strong> (<a href=\"https:\/\/www.legifrance.gouv.fr\/affichTexte.do?cidTexte=LEGITEXT000006061111\" target=\"_blank\" rel=\"noopener noreferrer\">d\u00e9cret n\u00b062-921 du 3 ao\u00fbt 1962 modifiant certaines r\u00e8gles relatives aux actes de l&rsquo;\u00e9tat civil<\/a>)&nbsp;:<\/span><br \/>\n<span style=\"font-family: Arial,Helvetica,sans-serif; font-size: 14pt;\"> &#8211; \u00eatre la personne que l&rsquo;acte concerne, son conjoint, un de ses ascendants ou descendants, son repr\u00e9sentant l\u00e9gal ;<\/span><br \/>\n<span style=\"font-family: Arial,Helvetica,sans-serif; font-size: 14pt;\"> &#8211; \u00eatre majeur ou \u00e9mancip\u00e9 ;<\/span><br \/>\n<span style=\"font-family: Arial,Helvetica,sans-serif; font-size: 14pt;\"> &#8211; \u00eatre en mesure d&rsquo;indiquer, lors de la demande, les nom et pr\u00e9nom des parents de la personne concern\u00e9e par l&rsquo;acte.<\/span><\/p>\n<p><span style=\"font-family: Arial,Helvetica,sans-serif; font-size: 14pt;\"><strong>La d\u00e9livrance d&rsquo;un acte d&rsquo;\u00e9tat civil est gratuite<\/strong> : Attention, plusieurs sites internet priv\u00e9s (sans aucun lien avec la mairie de Coteaux-du-Blanzacais et le site gouvernemental proposent un service payant pour effectuer \u00e0 votre place les d\u00e9marches administratives (par exemple obtenir un acte d\u2019\u00e9tat civil ou proposer les formulaires et timbres fiscaux pour votre dossier de demande de passeport).<\/span><\/p>\n<p><span style=\"font-family: Arial,Helvetica,sans-serif; font-size: 14pt;\">Conform\u00e9ment \u00e0 la loi \u00ab\u00a0informatique et libert\u00e9s\u00a0\u00bb du 6 janvier 1978, vous b\u00e9n\u00e9ficiez d&rsquo;un droit d&rsquo;acc\u00e8s et de rectification aux informations qui vous concernent. Si vous souhaitez exercer ce droit et obtenir communication des informations vous concernant, veuillez vous adresser \u00e0 la Mairie<\/span><\/p>\n<p><span style=\"font-size: 14pt; font-family: Arial,Helvetica,sans-serif;\">Un <a href=\"http:\/\/vosdroits.service-public.fr\/particuliers\/R18788.xhtml\">t\u00e9l\u00e9service<\/a> vous permet d&rsquo;obtenir la copie de l&rsquo;extrait de r\u00e9pertoire civil correspondant \u00e0 la mention \u00ab RC \u00bb sur un acte de naissance.<\/span><\/p>\n<p><span style=\"font-size: 14pt; font-family: Arial,Helvetica,sans-serif;\">Pour faire rectifier une erreur ou d&rsquo;une omission mat\u00e9rielle contenue dans un acte de l&rsquo;\u00e9tat civil, vous pouvez utiliser un <a href=\"http:\/\/vosdroits.service-public.fr\/particuliers\/R18387.xhtml\">t\u00e9l\u00e9service<\/a> permettant de transmettre votre demande de rectification au tribunal concern\u00e9.<\/span><\/p>\n<h2>&nbsp;<\/h2>\n<h2 style=\"text-align: center;\"><span style=\"color: #0da843; font-family: Arial,Helvetica,sans-serif; font-size: 18pt;\"><strong>Titre de s\u00e9jour<\/strong><\/span><\/h2>\n<p><span style=\"font-family: Arial,Helvetica,sans-serif; font-size: 14pt;\">Ce document s\u2019adresse aux \u00e9trangers originaires d\u2019un pays non-europ\u00e9en. Il traite des r\u00e8gles g\u00e9n\u00e9rales sur le s\u00e9jour en France.<\/span><\/p>\n<p><span style=\"font-family: Arial,Helvetica,sans-serif; font-size: 14pt;\">Afin d\u2019obtenir votre titre de s\u00e9jour, vous devez d\u00e9poser en mairie un dossier comprenant les pi\u00e8ces suivantes :<\/span><\/p>\n<ul>\n<li><span style=\"font-family: Arial,Helvetica,sans-serif; font-size: 14pt;\">copie compl\u00e8te (sauf pages vierges) du passeport en cours de validit\u00e9<\/span><\/li>\n<li><span style=\"font-family: Arial,Helvetica,sans-serif; font-size: 14pt;\">2 photos r\u00e9centes conformes \u00e0 la r\u00e9glementation en vigueur<\/span><\/li>\n<li><span style=\"font-family: Arial,Helvetica,sans-serif; font-size: 14pt;\">2 justificatifs de domicile fran\u00e7ais au nom du demandeur de \u2013 3 mois (quittance EDF\/t\u00e9l\u00e9phone ou attestation\/quittance d\u2019h\u00e9bergement)<\/span><\/li>\n<li><span style=\"font-family: Arial,Helvetica,sans-serif; font-size: 14pt;\">livret de famille<\/span><\/li>\n<li><span style=\"font-family: Arial,Helvetica,sans-serif; font-size: 14pt;\">extrait d\u2019acte de naissance de \u2013 3 mois<\/span><\/li>\n<li><span style=\"font-family: Arial,Helvetica,sans-serif; font-size: 14pt;\">justificatifs des moyens d\u2019existence ou d\u2019activit\u00e9 (revenus, ASSEDIC, virements permanents, titre de pension, RC, RM)<\/span><\/li>\n<li><span style=\"font-family: Arial,Helvetica,sans-serif; font-size: 14pt;\">assurance maladie<\/span><\/li>\n<\/ul>\n<p><span style=\"font-family: Arial,Helvetica,sans-serif; font-size: 14pt;\">La mairie fera parvenir votre dossier \u00e0 la pr\u00e9fecture. Cette derni\u00e8re l\u2019informera du montant dont vous devrez vous acquitter (visa et taxe de s\u00e9jour) en timbres fiscaux. D\u00e8s la r\u00e9ception de votre titre de s\u00e9jour, vous serez averti par la mairie afin de venir le chercher.<\/span><br \/>\n<span style=\"font-family: Arial,Helvetica,sans-serif; font-size: 14pt;\"> Toute personne \u00e9trang\u00e8re, qui souhaite renouveler son <a href=\"https:\/\/www.service-public.fr\/particuliers\/vosdroits\/N110\" target=\"_blank\" rel=\"noopener noreferrer\">s\u00e9jour<\/a> en France, doit pr\u00e9senter une demande de carte de s\u00e9jour dans les 2 mois qui pr\u00e9c\u00e8dent l\u2019expiration de son visa.<\/span><\/p>\n<p>&nbsp;<\/p>\n<h2 style=\"text-align: center;\"><span style=\"color: #0da843; font-family: Arial,Helvetica,sans-serif; font-size: 18pt;\"><strong>Naturalisation<\/strong><\/span><\/h2>\n<p><span style=\"font-family: Arial,Helvetica,sans-serif; font-size: 14pt;\"><strong>Depuis le 1<sup>er<\/sup><\/strong> <strong>avril 2015<\/strong>, l\u2019accueil des demandeurs domicili\u00e9s dans les d\u00e9partements de la Vienne, de la Charente-Maritime et de la Charente se feront exclusivement <strong>sur le site de Niort<\/strong>, pr\u00e9fecture des Deux-S\u00e8vres.<\/span><\/p>\n<p><span style=\"font-family: Arial,Helvetica,sans-serif; font-size: 14pt;\">Le d\u00e9p\u00f4t et l\u2019enregistrement des dossiers de naturalisation et d\u00e9clarations d\u2019acquisition de la nationalit\u00e9 fran\u00e7aise par mariage, devront \u00eatre envoy\u00e9s <strong>par courrier recommand\u00e9 avec accus\u00e9 de r\u00e9ception.<\/strong><\/span><\/p>\n<p>&nbsp;<\/p>\n<p><span style=\"font-family: Arial,Helvetica,sans-serif; font-size: 14pt;\"><strong>Adresses et informations utiles<\/strong><\/span><\/p>\n<ul>\n<li><span style=\"font-family: Arial,Helvetica,sans-serif; font-size: 14pt;\">Accueil t\u00e9l\u00e9phonique<\/span><\/li>\n<\/ul>\n<p><span style=\"font-family: Arial,Helvetica,sans-serif; font-size: 14pt;\">Les agents de la plate-forme seront joignables du lundi au vendredi, sauf le mardi (fermeture au public) de 14h \u00e0 16h au<strong> 05 49 08 69 41<\/strong><\/span><\/p>\n<ul>\n<li><span style=\"font-family: Arial,Helvetica,sans-serif; font-size: 14pt;\">Accueil physique<\/span><\/li>\n<\/ul>\n<p><span style=\"font-family: Arial,Helvetica,sans-serif; font-size: 14pt;\">uniquement sur rendez-vous<\/span><\/p>\n<ul>\n<li><span style=\"font-family: Arial,Helvetica,sans-serif; font-size: 14pt;\">Adresse postale<\/span><\/li>\n<\/ul>\n<p><span style=\"font-family: Arial,Helvetica,sans-serif; font-size: 14pt;\">Pr\u00e9fecture des Deux-S\u00e8vres<\/span><\/p>\n<p><span style=\"font-family: Arial,Helvetica,sans-serif; font-size: 14pt;\">Direction de la r\u00e9glementation et des libert\u00e9s publiques<\/span><\/p>\n<p><span style=\"font-family: Arial,Helvetica,sans-serif; font-size: 14pt;\">Bureau de l\u2019\u00c9tat civil et des \u00e9trangers<\/span><\/p>\n<p><span style=\"font-family: Arial,Helvetica,sans-serif; font-size: 14pt;\">Plate-forme interd\u00e9partementale d\u2019instruction des demandes de naturalisations<\/span><\/p>\n<p><span style=\"font-family: Arial,Helvetica,sans-serif; font-size: 14pt;\">4 rue Duguesclin<\/span><\/p>\n<p><span style=\"font-family: Arial,Helvetica,sans-serif; font-size: 14pt;\">BP 70000&nbsp;&nbsp;&nbsp; &#8211;&nbsp;&nbsp;&nbsp; 79099 NIORT<\/span><\/p>\n<p>&nbsp;<\/p>\n<p><span style=\"font-family: Arial,Helvetica,sans-serif; font-size: 14pt;\"><strong>Formulaires<\/strong><\/span><\/p>\n<p><span style=\"font-family: Arial,Helvetica,sans-serif; font-size: 14pt;\"><a href=\"http:\/\/www.deux-sevres.gouv.fr\/Demarches-administratives\/Naturalisations\">www.deux-sevres.gouv.fr\/ <\/a><\/span><\/p>\n<p><span style=\"font-family: Arial,Helvetica,sans-serif; font-size: 14pt;\"><a href=\"http:\/\/www.deux-sevres.gouv.fr\/content\/download\/13257\/104512\/file\/flyer+naturalisation.pdf\">Flyer naturalisation<\/a><\/span><\/p>\n<p>&nbsp;<\/p>\n<h2 style=\"text-align: center;\"><span style=\"color: #0da843; font-family: Arial,Helvetica,sans-serif; font-size: 18pt;\"><strong>Recensement militaire<\/strong><\/span><\/h2>\n<p><span style=\"font-family: Arial,Helvetica,sans-serif; font-size: 14pt;\">C\u2019est une d\u00e9marche civique essentielle. Le recensement militaire est n\u00e9cessaire et obligatoire pour pouvoir se pr\u00e9senter aux concours et examens publics. Il s\u2019inscrit dans le <a href=\"http:\/\/www.defense.gouv.fr\/jdc\/parcours-citoyennete\" target=\"_blank\" rel=\"noopener noreferrer\">parcours de citoyennet\u00e9<\/a>.<\/span><\/p>\n<p><span style=\"font-family: Arial,Helvetica,sans-serif; font-size: 14pt;\">Cette obligation l\u00e9gale doit \u00eatre effectu\u00e9e dans les 3 mois qui suivent vos 16 ans, \u00e0 la mairie de votre domicile, qui vous remettra une attestation de recensement, \u00e0 conserver obligatoirement.<\/span><\/p>\n<p><span style=\"font-family: Arial,Helvetica,sans-serif; font-size: 14pt;\">En effet, celle-ci vous sera r\u00e9clam\u00e9e pour toute inscription \u00e0 un examen ou concours tels que CAP, BEP, permis de conduire ou conduite accompagn\u00e9e.<\/span><\/p>\n<p><span style=\"font-family: Arial,Helvetica,sans-serif; font-size: 14pt;\">Vous serez \u00e9galement appel\u00e9 \u00e0 participer \u00e0 une Journ\u00e9e D\u00e9fense du Citoyen sur une base militaire qui vous donnera l\u2019occasion d\u2019un contact direct avec les hommes et femmes de D\u00e9fense et de d\u00e9couvrir leurs m\u00e9tiers et sp\u00e9cialit\u00e9s ainsi que leur quotidien. Un certificat de participation \u00e0 la JDC vous sera remis. Il a la m\u00eame valeur l\u00e9gale que l\u2019attestation de recensement.<\/span><\/p>\n<p><span style=\"font-family: Arial,Helvetica,sans-serif; font-size: 14pt;\">De plus, ce recensement facilitera votre inscription d\u2019office sur les listes \u00e9lectorales \u00e0 vos 18 ans.<\/span><\/p>\n<p><a href=\"https:\/\/www.service-public.gouv.fr\/particuliers\/vosdroits\/R2054\" target=\"_blank\" rel=\"noopener\"><strong>Recensement citoyen en ligne<\/strong><\/a><\/p>\n<p>&nbsp;<\/p>\n<p><span style=\"font-family: Arial,Helvetica,sans-serif; font-size: 14pt;\"><strong>Les pi\u00e8ces \u00e0 fournir <\/strong>(la pr\u00e9sence du jeune citoyen est n\u00e9cessaire)<\/span><\/p>\n<ul>\n<li><span style=\"font-family: Arial,Helvetica,sans-serif; font-size: 14pt;\">livret de famille<\/span><\/li>\n<li><span style=\"font-family: Arial,Helvetica,sans-serif; font-size: 14pt;\">carte d\u2019identit\u00e9<strong><br \/>\n<\/strong><\/span><\/li>\n<li><span style=\"font-family: Arial,Helvetica,sans-serif; font-size: 14pt;\">justificatif de domicile<\/span><\/li>\n<\/ul>\n","protected":false},"excerpt":{"rendered":"<p>Livret de famille Autorisation de sortie du territoire Extrait d\u2019acte de naissance, mariage ou d\u00e9c\u00e8s Titre de s\u00e9jour Naturalisation Recensement militaire &nbsp; Duplicata de Livret de famille Ce duplicata est d\u00e9livr\u00e9 gratuitement. Il faut faire votre demande \u00e0 la mairie<\/p>\n","protected":false},"author":4,"featured_media":0,"comment_status":"closed","ping_status":"closed","sticky":false,"template":"","format":"standard","meta":{"ngg_post_thumbnail":0,"footnotes":""},"categories":[1],"tags":[],"class_list":["post-3703","post","type-post","status-publish","format-standard","hentry","category-non-classe"],"_links":{"self":[{"href":"https:\/\/www.coteauxdublanzacais.fr\/index.php?rest_route=\/wp\/v2\/posts\/3703","targetHints":{"allow":["GET"]}}],"collection":[{"href":"https:\/\/www.coteauxdublanzacais.fr\/index.php?rest_route=\/wp\/v2\/posts"}],"about":[{"href":"https:\/\/www.coteauxdublanzacais.fr\/index.php?rest_route=\/wp\/v2\/types\/post"}],"author":[{"embeddable":true,"href":"https:\/\/www.coteauxdublanzacais.fr\/index.php?rest_route=\/wp\/v2\/users\/4"}],"replies":[{"embeddable":true,"href":"https:\/\/www.coteauxdublanzacais.fr\/index.php?rest_route=%2Fwp%2Fv2%2Fcomments&post=3703"}],"version-history":[{"count":28,"href":"https:\/\/www.coteauxdublanzacais.fr\/index.php?rest_route=\/wp\/v2\/posts\/3703\/revisions"}],"predecessor-version":[{"id":12438,"href":"https:\/\/www.coteauxdublanzacais.fr\/index.php?rest_route=\/wp\/v2\/posts\/3703\/revisions\/12438"}],"wp:attachment":[{"href":"https:\/\/www.coteauxdublanzacais.fr\/index.php?rest_route=%2Fwp%2Fv2%2Fmedia&parent=3703"}],"wp:term":[{"taxonomy":"category","embeddable":true,"href":"https:\/\/www.coteauxdublanzacais.fr\/index.php?rest_route=%2Fwp%2Fv2%2Fcategories&post=3703"},{"taxonomy":"post_tag","embeddable":true,"href":"https:\/\/www.coteauxdublanzacais.fr\/index.php?rest_route=%2Fwp%2Fv2%2Ftags&post=3703"}],"curies":[{"name":"wp","href":"https:\/\/api.w.org\/{rel}","templated":true}]}}