{"id":3774,"date":"2017-09-23T08:47:39","date_gmt":"2017-09-23T07:47:39","guid":{"rendered":"http:\/\/www.coteauxdublanzacais.fr\/?p=3774"},"modified":"2022-04-13T07:49:34","modified_gmt":"2022-04-13T06:49:34","slug":"autres-demarches-civiques","status":"publish","type":"post","link":"https:\/\/www.coteauxdublanzacais.fr\/?p=3774","title":{"rendered":"Autres d\u00e9marches civiques"},"content":{"rendered":"<p><span style=\"color: #0da843; font-family: Arial, Helvetica, sans-serif; font-size: 14pt;\">Demande de permission ou d&rsquo;autorisation de voirie, de permis de stationnement, ou d&rsquo;autorisation d&rsquo;entreprendre des travaux<\/span><\/p>\n<p><span style=\"color: #0da843; font-family: Arial,Helvetica,sans-serif; font-size: 14pt;\">V\u00e9hicules<\/span><br \/>\n<span style=\"color: #0da843; font-family: Arial,Helvetica,sans-serif; font-size: 14pt;\"> Feux de v\u00e9g\u00e9taux et Artifices de divertissement<\/span><br \/>\n<span style=\"color: #0da843; font-family: Arial,Helvetica,sans-serif; font-size: 14pt;\"> Nuisances sonores<\/span><\/p>\n<h2>&nbsp;<\/h2>\n<p style=\"text-align: center;\"><strong><span style=\"font-family: Arial, Helvetica, sans-serif; font-size: 18pt; color: #0da843;\">Demande de permission ou d&rsquo;autorisation de voirie, <\/span><\/strong><\/p>\n<p style=\"text-align: center;\"><strong><span style=\"font-family: Arial, Helvetica, sans-serif; font-size: 18pt; color: #0da843;\">de permis de stationnement, ou d&rsquo;autorisation d&rsquo;entreprendre des travaux<\/span><\/strong><\/p>\n<p><strong><span style=\"font-family: Arial, Helvetica, sans-serif; font-size: 14pt;\">Quand faire une permission de voirie ?<\/span><\/strong><\/p>\n<p><span style=\"font-family: Arial, Helvetica, sans-serif; font-size: 14pt;\">Il est n\u00e9cessaire d&rsquo;obtenir cette autorisation pour les travaux suivants : Ravalement de fa\u00e7ade (installation d&rsquo;\u00e9chafaudage ou de palissade) Pose d&rsquo;une benne \u00e0 gravats ou d&rsquo;\u00e9chafaudage sur le trottoir. D\u00e9p\u00f4t de mat\u00e9riaux n\u00e9cessaires \u00e0 un chantier (tas de sable par exemple)<\/span><\/p>\n<p><strong><span style=\"font-family: Arial, Helvetica, sans-serif; font-size: 14pt;\">Comment demander une permission de voirie ?<\/span><\/strong><\/p>\n<p><span style=\"font-family: Arial, Helvetica, sans-serif; font-size: 14pt;\">N&rsquo;importe quel usager peut faire une demande de permission de voirie ou d&rsquo;autorisation de voirie. Le ma\u00eetre d&rsquo;ouvrage peut engager cette d\u00e9marche en remplissant un formulaire <a href=\"https:\/\/www.coteauxdublanzacais.fr\/wp-content\/uploads\/2022\/04\/cerfa_14023-01.pdf\" target=\"_blank\" rel=\"noopener\">CERFA n\u00b014023*01<\/a><\/span><\/p>\n<p><strong><span style=\"font-family: Arial, Helvetica, sans-serif; font-size: 14pt;\">Qui doit demander une permission de voirie ?<\/span><\/strong><\/p>\n<p><span style=\"font-family: Arial, Helvetica, sans-serif; font-size: 14pt;\">La demande de d\u00e9livrance d&rsquo;une autorisation de voirie doit \u00eatre faite par le ma\u00eetre d&rsquo;ouvrage des travaux. La demande peut \u00eatre d\u00e9pos\u00e9e \u00e0 la mairie ou \u00e0 la subdivision de l&rsquo;Equipement en utilisant l&rsquo;imprim\u00e9 de demande de permission de voirie.<\/span><\/p>\n<h2>&nbsp;<\/h2>\n<h2 style=\"text-align: center;\"><strong><span style=\"font-family: Arial, Helvetica, sans-serif; font-size: 18pt; color: #0da843;\">V\u00e9hicules<\/span><\/strong><\/h2>\n<p style=\"text-align: center;\"><span style=\"font-size: 14pt;\"><strong><span style=\"font-family: Arial,Helvetica,sans-serif;\">Permis de conduire et carte grise 100 % d\u00e9mat\u00e9rialis\u00e9s<\/span><\/strong><\/span><br \/>\n<span style=\"font-family: Arial,Helvetica,sans-serif; font-size: 14pt;\"><strong>\u00c0 partir du 1er novembre, fermeture d\u00e9finitive des guichets carte grise et permis de conduire dans toutes les pr\u00e9fectures et sous-pr\u00e9fectures<\/strong>.<\/span><\/p>\n<p><span style=\"font-family: Arial,Helvetica,sans-serif; font-size: 14pt;\">Le public devra d\u00e9sormais faire ses d\u00e9marches en ligne via les deux sites mis en place par le gouvernement.<\/span><\/p>\n<p><span style=\"font-family: Arial,Helvetica,sans-serif; font-size: 14pt;\"><span style=\"color: #0da843;\"><strong>Pour la carte grise,<\/strong><\/span> un changement d\u2019adresse, une d\u00e9claration de cession d\u2019un v\u00e9hicule et une demande de carte devra se faire sur <a href=\"https:\/\/immatriculation.ants.gouv.fr\" target=\"_blank\" rel=\"noopener\">https :\/\/immatriculation.ants.gouv.fr <\/a><\/span><\/p>\n<p><em><span style=\"font-family: Arial, Helvetica, sans-serif; font-size: 14pt;\">Ou aupr\u00e8s de garagistes agr\u00e9\u00e9s par la pr\u00e9fecture en cas de difficult\u00e9 dans la num\u00e9risation de ces d\u00e9marches : Trouvez un <a href=\"https:\/\/www.vroomly.com\/garage-16\/\">garage automobile en Charente&nbsp;<\/a><\/span><\/em><\/p>\n<p><span style=\"font-family: Arial, Helvetica, sans-serif; font-size: 14pt;\"><em>&nbsp;<\/em><em>Pour conna\u00eetre le co\u00fbt moyen d&rsquo;une carte grise et se mettre \u00e0 l&rsquo;abri des arnaques, vous pouvez vous r\u00e9f\u00e9rer \u00e0 ce&nbsp;<a href=\"https:\/\/www.vroomly.com\/blog\/quel-est-le-prix-dune-carte-grise\/\">guide informatif.<\/a><\/em><\/span><\/p>\n<p><span style=\"font-family: Arial, Helvetica, sans-serif; font-size: 14pt;\"><em>Retrouvez comment faire pas \u00e0 pas votre carte grise :&nbsp;<a href=\"https:\/\/www.courroie-distribution.fr\/blog\/comment-faire-une-carte-grise\/\">cliquez&nbsp;ici<\/a>.<\/em><\/span><\/p>\n<p><span style=\"font-family: Arial,Helvetica,sans-serif; font-size: 14pt;\"> Concr\u00e8tement, lors de l\u2019achat d\u2019un v\u00e9hicule, le vendeur devra remplir sur ce site le certificat de cession. Il obtiendra alors un code qu\u2019il devra communiquer \u00e0 l\u2019acheteur afin que celui-ci puisse faire \u00e9tablir sa nouvelle carte grise sur le site.<\/span><\/p>\n<p>&nbsp;<\/p>\n<p><span style=\"font-family: Arial,Helvetica,sans-serif; font-size: 14pt;\"><span style=\"color: #0da843;\"><strong>Pour le permis de conduire<\/strong><\/span>, toute demande (vol, d\u00e9t\u00e9rioration, expiration de la dur\u00e9e administrative de votre permis de conduire, prorogation poids lourd, changement d\u2019\u00e9tat civil, extension du permis de conduire, premier permis de conduire) pourra se faire sur le site <a href=\"https:\/\/permisdeconduire.ants.gouv.fr\" target=\"_blank\" rel=\"noopener\">https :\/\/permisdeconduire.ants.gouv.fr\/<\/a><\/span><\/p>\n<p><span style=\"font-family: Arial,Helvetica,sans-serif; font-size: 14pt;\"><strong>Pour de plus amples informations<\/strong> : <span style=\"color: #0da843;\"><a href=\"http:\/\/www.charente.gouv.fr\/Demarches-administratives\/Immatriculation-cartes-grises#N367\" target=\"_blank\" rel=\"noopener\">site de la Pr\u00e9fecture de la Charente<\/a><\/span><\/span><\/p>\n<p>&nbsp;<\/p>\n<p><span style=\"color: #0da843; font-family: Arial,Helvetica,sans-serif; font-size: 14pt;\"><strong>Contr\u00f4le m\u00e9dical cons\u00e9cutif \u00e0 une infraction<\/strong><\/span><br \/>\n<span style=\"font-family: Arial,Helvetica,sans-serif; font-size: 14pt;\"> En cas d\u2019invalidation de votre permis de conduire pour infraction au code de la route (invalidation pour perte totale de points, annulation ou suspension du permis), vous ne pouvez r\u00e9cup\u00e9rer votre permis de conduire que si vous vous soumettez \u00e0 un contr\u00f4le m\u00e9dical.<\/span><br \/>\n<span style=\"font-family: Arial,Helvetica,sans-serif; font-size: 14pt;\"> Vous devrez vous adresser \u00e0 un m\u00e9decin de ville agr\u00e9\u00e9 par le pr\u00e9fet ou \u00e0 la commission m\u00e9dicale d\u00e9partementale. Le m\u00e9decin que vous aurez choisi ne peut en aucun cas \u00eatre votre m\u00e9decin habituel.<\/span><br \/>\n<span style=\"font-family: Arial,Helvetica,sans-serif; font-size: 14pt;\"> Le montant de l\u2019examen m\u00e9dical&nbsp;n\u2019est pas pris en charge par la S\u00e9curit\u00e9 Sociale.<\/span><\/p>\n<p><span style=\"font-family: Arial,Helvetica,sans-serif; font-size: 14pt;\">Pi\u00e8ces \u00e0 pr\u00e9senter au m\u00e9decin le jour de votre visite<\/span><br \/>\n<span style=\"font-family: Arial,Helvetica,sans-serif; font-size: 14pt;\"> \u2022 une pi\u00e8ce d\u2019identit\u00e9 en cours de validit\u00e9<\/span><br \/>\n<span style=\"font-family: Arial,Helvetica,sans-serif; font-size: 14pt;\"> \u2022 votre permis de conduire ou le dossier d\u2019inscription (r\u00e9f\u00e9rence 02) remis par votre auto-\u00e9cole si vous \u00eates candidat au permis de conduire<\/span><br \/>\n<span style=\"font-family: Arial,Helvetica,sans-serif; font-size: 14pt;\"> \u2022 3 photos d\u2019identit\u00e9 r\u00e9centes conformes aux normes r\u00e9glementaires<\/span><br \/>\n<span style=\"font-family: Arial,Helvetica,sans-serif; font-size: 14pt;\"> \u2022 vos lunettes si vous en portez<\/span><br \/>\n<span style=\"font-family: Arial,Helvetica,sans-serif; font-size: 14pt;\"> \u2022 toute pi\u00e8ce m\u00e9dicale jug\u00e9e utile pour l\u2019examen sollicit\u00e9 (radio, ordonnance\u2026)<\/span><br \/>\n<span style=\"font-family: Arial,Helvetica,sans-serif; font-size: 14pt;\"> \u2022 <a href=\"http:\/\/www.charente.gouv.fr\/content\/download\/19173\/129445\/file\/demande%20de%20visite%20m\u00e9dicale.pdf\" target=\"_blank\" rel=\"noopener\">l\u2019imprim\u00e9 CERFA 14880*01 : Permis de conduire-avis m\u00e9dical<\/a><\/span><br \/>\n<span style=\"font-family: Arial,Helvetica,sans-serif; font-size: 14pt;\"> \u2022 une enveloppe timbr\u00e9e libell\u00e9e \u00e0 vos nom et adresse (pour retour de votre permis)<\/span><br \/>\n<span style=\"font-family: Arial,Helvetica,sans-serif; font-size: 14pt;\"> Nota : si le m\u00e9decin ne peut conclure d\u2019embl\u00e9e \u00e0 votre aptitude, il peut solliciter l\u2019avis d\u2019un <a href=\"http:\/\/www.charente.gouv.fr\/content\/download\/22733\/151019\/file\/Liste%20m\u00e9decins%20agr\u00e9\u00e9s.pdf\" target=\"_blank\" rel=\"noopener\">m\u00e9decin sp\u00e9cialiste<\/a>, voire demander \u00e0 ce que vous soyez examin\u00e9 par la commission m\u00e9dicale pr\u00e9fectorale qui statuera au regard de la r\u00e9glementation sur votre aptitude physique \u00e0 la conduite automobile. Il vous informera de ses constatations et vous expliquera les raisons qui motivent sa demande.<\/span><br \/>\n<span style=\"font-family: Arial,Helvetica,sans-serif; font-size: 14pt; color: #0da843;\"> Attention : tout dossier incomplet sera refus\u00e9<\/span><\/p>\n<p><span style=\"font-family: Arial,Helvetica,sans-serif; font-size: 14pt;\">Pour de plus amples informations : <a href=\"http:\/\/www.charente.gouv.fr\/Demarches-administratives\/Immatriculation-cartes-grises#N367\" target=\"_blank\" rel=\"noopener\">site de la Pr\u00e9fecture de la Charente<\/a><\/span><\/p>\n<p>&nbsp;<\/p>\n<h2 style=\"text-align: center;\"><span style=\"color: #0da843; font-family: Arial,Helvetica,sans-serif; font-size: 18pt;\">D\u00e9claration de feu et Artifices<\/span><\/h2>\n<p><span style=\"font-family: Arial,Helvetica,sans-serif; font-size: 14pt;\">En raison de la dangerosit\u00e9 d\u2019un feu et des proportions qu\u2019il peut atteindre en un temps record et ce, malgr\u00e9 les pr\u00e9cautions que l\u2019on prend ou croit prendre, il est indispensable et obligatoire de faire une demande aupr\u00e8s de la mairie, m\u00eame pour un petit tas de feuilles.<\/span><\/p>\n<p><span style=\"font-family: Arial,Helvetica,sans-serif; font-size: 14pt;\">La d\u00e9claration de feux de plein air ou \u00e9cobuage est soumise \u00e0 l\u2019avis du Maire en tant que responsable de la s\u00e9curit\u00e9 de la commune. A cet effet, elle doit \u00eatre d\u00e9pos\u00e9e en mairie.<\/span><br \/>\n<span style=\"font-family: Arial,Helvetica,sans-serif; font-size: 14pt;\"> La d\u00e9claration de feux est d\u00e9finie par l\u2019<a href=\"http:\/\/www.charente.gouv.fr\/content\/download\/18469\/125150\/file\/arr%C3%AAt%C3%A9%20pr%C3%A9vention%20incendies_3%20mai%202016.pdf\" target=\"_blank\" rel=\"noopener\">arr\u00eat\u00e9 pr\u00e9fectoral du 3 mai 2016<\/a> relatif \u00e0 la pr\u00e9vention des incendies de plein air. Celui-ci pr\u00e9cise les conditions g\u00e9n\u00e9rales d\u2019application, les r\u00e8gles de s\u00e9curit\u00e9 (niveau de risque d\u2019incendie, pr\u00e9conisation de s\u00e9curit\u00e9) mais \u00e9galement les sanctions.<\/span><\/p>\n<p><a href=\"http:\/\/www.coteauxdublanzacais.fr\/wp-content\/uploads\/2017\/10\/Formulaire-de-d\u00e9claration-de-feux-de-plein-air-ou-\u00e9cobuage.pdf\" target=\"_blank\" rel=\"noopener\"><span style=\"color: #0da843; font-family: Arial,Helvetica,sans-serif; font-size: 14pt;\">Formulaire-de-d\u00e9claration-de-feux-de-plein-air-ou-\u00e9cobuage.pdf<\/span><\/a><\/p>\n<p><span style=\"font-family: Arial,Helvetica,sans-serif; font-size: 14pt;\">&nbsp;<\/span><\/p>\n<h2 style=\"text-align: center;\"><span style=\"color: #0da843; font-family: Arial,Helvetica,sans-serif; font-size: 18pt;\">Nuisances sonores<\/span><\/h2>\n<p><span style=\"font-family: Arial,Helvetica,sans-serif; font-size: 14pt;\"><span style=\"color: #000000;\"><a href=\"http:\/\/www.charente.gouv.fr\/Politiques-publiques\/Environnement-Chasse\/Les-nuisances-sonores\" target=\"_blank\" rel=\"noopener\">Arr\u00eat\u00e9 pr\u00e9fectoral du 20 avril 1999 relatif aux bruits de voisinage<\/a><\/span><br \/>\n<\/span><\/p>\n<p>&nbsp;<\/p>\n","protected":false},"excerpt":{"rendered":"<p>Demande de permission ou d&rsquo;autorisation de voirie, de permis de stationnement, ou d&rsquo;autorisation d&rsquo;entreprendre des travaux V\u00e9hicules Feux de v\u00e9g\u00e9taux et Artifices de divertissement Nuisances sonores &nbsp; Demande de permission ou d&rsquo;autorisation de voirie, de permis de stationnement, ou d&rsquo;autorisation<\/p>\n","protected":false},"author":4,"featured_media":0,"comment_status":"closed","ping_status":"closed","sticky":false,"template":"","format":"standard","meta":{"ngg_post_thumbnail":0,"footnotes":""},"categories":[1],"tags":[],"class_list":["post-3774","post","type-post","status-publish","format-standard","hentry","category-non-classe"],"_links":{"self":[{"href":"https:\/\/www.coteauxdublanzacais.fr\/index.php?rest_route=\/wp\/v2\/posts\/3774","targetHints":{"allow":["GET"]}}],"collection":[{"href":"https:\/\/www.coteauxdublanzacais.fr\/index.php?rest_route=\/wp\/v2\/posts"}],"about":[{"href":"https:\/\/www.coteauxdublanzacais.fr\/index.php?rest_route=\/wp\/v2\/types\/post"}],"author":[{"embeddable":true,"href":"https:\/\/www.coteauxdublanzacais.fr\/index.php?rest_route=\/wp\/v2\/users\/4"}],"replies":[{"embeddable":true,"href":"https:\/\/www.coteauxdublanzacais.fr\/index.php?rest_route=%2Fwp%2Fv2%2Fcomments&post=3774"}],"version-history":[{"count":31,"href":"https:\/\/www.coteauxdublanzacais.fr\/index.php?rest_route=\/wp\/v2\/posts\/3774\/revisions"}],"predecessor-version":[{"id":9171,"href":"https:\/\/www.coteauxdublanzacais.fr\/index.php?rest_route=\/wp\/v2\/posts\/3774\/revisions\/9171"}],"wp:attachment":[{"href":"https:\/\/www.coteauxdublanzacais.fr\/index.php?rest_route=%2Fwp%2Fv2%2Fmedia&parent=3774"}],"wp:term":[{"taxonomy":"category","embeddable":true,"href":"https:\/\/www.coteauxdublanzacais.fr\/index.php?rest_route=%2Fwp%2Fv2%2Fcategories&post=3774"},{"taxonomy":"post_tag","embeddable":true,"href":"https:\/\/www.coteauxdublanzacais.fr\/index.php?rest_route=%2Fwp%2Fv2%2Ftags&post=3774"}],"curies":[{"name":"wp","href":"https:\/\/api.w.org\/{rel}","templated":true}]}}