{"id":3955,"date":"2017-09-25T10:45:51","date_gmt":"2017-09-25T09:45:51","guid":{"rendered":"http:\/\/www.coteauxdublanzacais.fr\/?p=3955"},"modified":"2017-10-10T14:13:24","modified_gmt":"2017-10-10T13:13:24","slug":"demandes-pieces-didentite","status":"publish","type":"post","link":"https:\/\/www.coteauxdublanzacais.fr\/?p=3955","title":{"rendered":"Demandes pi\u00e8ces d&rsquo;identit\u00e9"},"content":{"rendered":"<p><img loading=\"lazy\" decoding=\"async\" class=\"size-medium wp-image-3960 alignleft\" src=\"http:\/\/www.coteauxdublanzacais.fr\/wp-content\/uploads\/2017\/09\/affiche-validite-cni-1-page-001-212x300.jpg\" alt=\"\" width=\"212\" height=\"300\" srcset=\"https:\/\/www.coteauxdublanzacais.fr\/wp-content\/uploads\/2017\/09\/affiche-validite-cni-1-page-001-212x300.jpg 212w, https:\/\/www.coteauxdublanzacais.fr\/wp-content\/uploads\/2017\/09\/affiche-validite-cni-1-page-001-768x1086.jpg 768w, https:\/\/www.coteauxdublanzacais.fr\/wp-content\/uploads\/2017\/09\/affiche-validite-cni-1-page-001-724x1024.jpg 724w, https:\/\/www.coteauxdublanzacais.fr\/wp-content\/uploads\/2017\/09\/affiche-validite-cni-1-page-001-600x849.jpg 600w, https:\/\/www.coteauxdublanzacais.fr\/wp-content\/uploads\/2017\/09\/affiche-validite-cni-1-page-001.jpg 1754w\" sizes=\"auto, (max-width: 212px) 100vw, 212px\" \/><\/p>\n<h2 style=\"text-align: center;\"><span style=\"font-family: Arial,Helvetica,sans-serif; font-size: 18pt; color: #0da843;\">Carte nationale d&rsquo;identit\u00e9 d&rsquo;une personne<\/span><\/h2>\n<h2 style=\"text-align: center;\"><span style=\"font-family: Arial,Helvetica,sans-serif; font-size: 18pt; color: #0da843;\">majeure et mineure premi\u00e8re demande et renouvellement<\/span><\/h2>\n<p><span style=\"font-size: 14pt; font-family: Arial,Helvetica,sans-serif;\">Depuis le 1er janvier 2014, <span style=\"color: #0da843;\">les cartes nationales d&rsquo;identit\u00e9 sont valables 15 ans pour les personnes majeures.<\/span> Les cartes<\/span><span style=\"font-size: 14pt; font-family: Arial,Helvetica,sans-serif;\"> d\u00e9livr\u00e9es entre le 2 janvier 2004 et le 31 d\u00e9cembre 2013 sont automatiquement valides 15 ans sans d\u00e9marche \u00e0 accomplir.<\/span><\/p>\n<p>&nbsp;<\/p>\n<h2 style=\"text-align: center;\">&nbsp;<\/h2>\n<p><span style=\"font-size: 14pt; font-family: Arial,Helvetica,sans-serif;\">Dans le cadre&nbsp;de la r\u00e9forme induite par le Plan \u00ab&nbsp;Pr\u00e9fecture Nouvelle G\u00e9n\u00e9ration&nbsp;\u00bb, les demandes de Cartes Nationales d\u2019Identit\u00e9 peuvent se faire en ligne <a href=\"https:\/\/ants.gouv.fr\/\" target=\"_blank\" rel=\"noopener\">www.ants.gouv.fr <\/a>ou bien en s&rsquo;adressant aux mairies comp\u00e9tentes sur le d\u00e9partement de la Charente : Angoul\u00eame, Barbezieux Saint Hilaire, Chabanais, Champniers, Chasseneuil sur Charente, Ch\u00e2teauneuf sur Charente, Cognac, Confolens, Gond-Pontouvre, Jarnac, La Rochefoucauld, Mansle, Montbron, Montmoreau, Mouthiers sur Boeme, Rouillac, Ruffec, Segonzac, Soyaux.<\/span><\/p>\n<p><span style=\"font-size: 14pt;\"><strong><span style=\"font-family: Arial,Helvetica,sans-serif;\">La d\u00e9marche se fait en mairie et la pr\u00e9sence du demandeur est obligatoire.<\/span><\/strong><\/span><\/p>\n<p><span style=\"font-size: 14pt; font-family: Arial,Helvetica,sans-serif;\">Pour cette d\u00e9marche, vous devez fournir les pi\u00e8ces suivantes :<\/span><\/p>\n<p><span style=\"font-size: 14pt; font-family: Arial,Helvetica,sans-serif; color: #0da843;\">Dans toutes les situations :<\/span><\/p>\n<p><span style=\"font-size: 14pt; font-family: Arial,Helvetica,sans-serif;\">&#8211; Le formulaire de demande de carte d&rsquo;identit\u00e9 (cerfa n\u00b012101*02 ou 12100*02) vous est remis en mairie o\u00f9 \u00e0 pr\u00e9 remplir sur le site <a href=\"https:\/\/ants.gouv.fr\/\" target=\"_blank\" rel=\"noopener\">www.ants.gouv.fr<\/a>.<\/span><\/p>\n<p><span style=\"font-size: 14pt; font-family: Arial,Helvetica,sans-serif; color: #0da843;\">Pour une premi\u00e8re demande<\/span><\/p>\n<ul>\n<li><span style=\"font-size: 14pt; font-family: Arial,Helvetica,sans-serif;\">extrait d\u2019acte de naissance de \u2013 3 mois<\/span><\/li>\n<li><span style=\"font-size: 14pt; font-family: Arial,Helvetica,sans-serif;\">justificatif de domicile r\u00e9cent de \u2013 3 mois (facture EDF, SAUR ou t\u00e9l\u00e9phone, feuille d\u2019imposition. Le RIB n\u2019est pas admis)<\/span><\/li>\n<li><span style=\"font-size: 14pt; font-family: Arial,Helvetica,sans-serif;\">2 photos r\u00e9centes conformes aux normes r\u00e9glementaires<\/span><\/li>\n<li><span style=\"font-size: 14pt; font-family: Arial,Helvetica,sans-serif;\">pr\u00e9ciser votre taille, la couleur de vos yeux<\/span><\/li>\n<\/ul>\n<p><span style=\"font-size: 14pt; font-family: Arial,Helvetica,sans-serif; color: #0da843;\">Pour un renouvellement<\/span><\/p>\n<ul>\n<li><span style=\"font-size: 14pt; font-family: Arial,Helvetica,sans-serif;\">ancienne CNI (si elle n\u2019est pas pr\u00e9sent\u00e9e, fournir un timbre fiscal de 25 \u20ac possibilit\u00e9 de l\u2019acheter en ligne sur <a href=\"https:\/\/timbres.impots.gouv.fr\/\">impots.gouv.fr<\/a>)<\/span><\/li>\n<li><span style=\"font-size: 14pt; font-family: Arial,Helvetica,sans-serif;\">extrait d\u2019acte de naissance (si changement d\u2019\u00e9tat civil ou CNI p\u00e9rim\u00e9e depuis plus de 2 ans)<\/span><\/li>\n<li><span style=\"font-size: 14pt; font-family: Arial,Helvetica,sans-serif;\">justificatif de domicile de \u2013 3 mois (facture EDF, SAUR ou t\u00e9l\u00e9phone, feuille d\u2019imposition. Le RIB n\u2019est pas admis)<\/span><\/li>\n<li><span style=\"font-size: 14pt; font-family: Arial,Helvetica,sans-serif;\">2 photos r\u00e9centes conformes aux normes r\u00e9glementaires<\/span><\/li>\n<li><span style=\"font-size: 14pt; font-family: Arial,Helvetica,sans-serif;\">pr\u00e9ciser votre taille, la couleur de vos yeux (si changement)<\/span><\/li>\n<\/ul>\n<p><span style=\"font-size: 14pt; font-family: Arial,Helvetica,sans-serif; color: #0da843;\">Important<\/span><\/p>\n<ul>\n<li><span style=\"font-size: 14pt; font-family: Arial,Helvetica,sans-serif;\">si les parents sont s\u00e9par\u00e9s ou divorc\u00e9s, joindre une copie du jugement d\u00e9signant le parent qui exerce l\u2019autorit\u00e9 parentale<\/span><\/li>\n<li><span style=\"font-size: 14pt; font-family: Arial,Helvetica,sans-serif;\">si les parents ne sont pas mari\u00e9s, joindre un acte de naissance mentionnant la reconnaissance par les 2 parents avant l\u2019\u00e2ge d\u2019un an (dans le cas o\u00f9 vous ne poss\u00e9dez pas de titre s\u00e9curis\u00e9) ou une d\u00e9claration conjointe d\u2019exercice de l\u2019autorit\u00e9 parentale, ou encore une d\u00e9cision de justice<\/span><\/li>\n<li><span style=\"font-size: 14pt; font-family: Arial,Helvetica,sans-serif;\">si l\u2019enfant est en garde altern\u00e9e, les 2 parents devront fournir un justificatif de domicile de \u2013 3 mois (facture EDF, SAUR ou t\u00e9l\u00e9phone, feuille d\u2019imposition. Le RIB n\u2019est pas admis)<\/span><\/li>\n<li><span style=\"font-size: 14pt; font-family: Arial,Helvetica,sans-serif;\">si l\u2019enfant \u00e0 + de 13 ans, sa pr\u00e9sence est requise pour la prise d\u2019empreinte<\/span><\/li>\n<\/ul>\n<p><span style=\"color: #0da843;\"><span style=\"font-size: 14pt; font-family: Arial,Helvetica,sans-serif;\">&nbsp;&nbsp;<\/span><span style=\"font-size: 14pt; font-family: Arial,Helvetica,sans-serif;\">D\u00e9lais en pr\u00e9fecture<\/span><\/span><\/p>\n<ul>\n<li><span style=\"font-size: 14pt; font-family: Arial,Helvetica,sans-serif;\">1mois 1\/2<\/span><\/li>\n<\/ul>\n<p>&nbsp;<\/p>\n<p style=\"text-align: center;\"><span style=\"font-size: 18pt; font-family: Arial,Helvetica,sans-serif; color: #0da843;\"><strong>Passeport biom\u00e9trique<\/strong><\/span><\/p>\n<p>&nbsp;<\/p>\n<p><span style=\"font-size: 14pt; font-family: Arial,Helvetica,sans-serif;\">Dans le cadre&nbsp;de la r\u00e9forme induite par le Plan \u00ab&nbsp;Pr\u00e9fecture Nouvelle G\u00e9n\u00e9ration&nbsp;\u00bb, les demandes de Passeports peuvent se faire en ligne <a href=\"https:\/\/ants.gouv.fr\/\" target=\"_blank\" rel=\"noopener\">www.ants.gouv.fr<\/a> ou bien en s&rsquo;adressant aux mairies comp\u00e9tentes sur le d\u00e9partement de la Charente : Angoul\u00eame, Barbezieux Saint Hilaire, Chabanais, Champniers, Chasseneuil sur Charente, Ch\u00e2teauneuf sur Charente, Cognac, Confolens, Gond-Pontouvre, Jarnac, La Rochefoucauld, Mansle, Montbron, Montmoreau, Mouthiers sur Boeme, Rouillac, Ruffec, Segonzac, Soyaux.<\/span><\/p>\n<p>&nbsp;<\/p>\n<p><span style=\"font-size: 14pt;\"><strong><span style=\"font-family: Arial,Helvetica,sans-serif;\">La d\u00e9marche se fait en mairie et la pr\u00e9sence du demandeur est obligatoire.<\/span><\/strong><\/span><\/p>\n<p>&nbsp;<\/p>\n<p><span style=\"font-size: 14pt; font-family: Arial,Helvetica,sans-serif;\">Pour cette d\u00e9marche, vous devez fournir les pi\u00e8ces suivantes :<\/span><\/p>\n<p><span style=\"font-size: 14pt; font-family: Arial,Helvetica,sans-serif; color: #0da843;\">Dans toutes les situations :<\/span><\/p>\n<p><span style=\"font-size: 14pt; font-family: Arial,Helvetica,sans-serif;\">&#8211; Le formulaire de demande de carte d&rsquo;identit\u00e9 (cerfa n\u00b012101*02 ou 12100*02) vous est remis en mairie o\u00f9 \u00e0 pr\u00e9 remplir sur le site <a href=\"https:\/\/ants.gouv.fr\/\" target=\"_blank\" rel=\"noopener\">www.ants.gouv.fr<\/a>.<\/span><\/p>\n<p><span style=\"font-size: 14pt; font-family: Arial,Helvetica,sans-serif; color: #0da843;\">Pour une premi\u00e8re demande<\/span><\/p>\n<ul>\n<li><span style=\"font-size: 14pt; font-family: Arial,Helvetica,sans-serif;\">CNI en cours de validit\u00e9. Si elle est p\u00e9rim\u00e9e, fournir un <a href=\"http:\/\/vosdroits.service-public.fr\/F1427.xhtml\">extrait de naissance<\/a><\/span><\/li>\n<li><span style=\"font-size: 14pt; font-family: Arial,Helvetica,sans-serif;\">coordonn\u00e9es des parents (nom, pr\u00e9noms, date et lieu de naissance)<\/span><\/li>\n<li><span style=\"font-size: 14pt; font-family: Arial,Helvetica,sans-serif;\">pr\u00e9ciser votre taille, la couleur de vos yeux<\/span><\/li>\n<li><span style=\"font-size: 14pt; font-family: Arial,Helvetica,sans-serif;\">justificatif de domicile de \u2013 3 mois (facture EDF, SAUR ou t\u00e9l\u00e9phone, feuille d\u2019imposition. Le RIB n\u2019est pas admis)<\/span><\/li>\n<li><span style=\"font-size: 14pt; font-family: Arial,Helvetica,sans-serif;\">1 photo r\u00e9cente conforme aux normes r\u00e9glementaires<\/span><\/li>\n<li><span style=\"font-size: 14pt; font-family: Arial,Helvetica,sans-serif;\">timbre fiscal (acheter en ligne sur <a href=\"https:\/\/timbres.impots.gouv.fr\/\">impots.gouv.fr<\/a>) :<\/span><br \/>\n<span style=\"font-size: 14pt; font-family: Arial,Helvetica,sans-serif;\"> \u2013 adulte : 86 \u20ac<\/span><br \/>\n<span style=\"font-size: 14pt; font-family: Arial,Helvetica,sans-serif;\"> \u2013 mineur + de 15 ans : 42 \u20ac<\/span><br \/>\n<span style=\"font-size: 14pt; font-family: Arial,Helvetica,sans-serif;\"> \u2013 mineur \u2013 de 15 ans : 17 \u20ac<\/span><br \/>\n<span style=\"font-size: 14pt; font-family: Arial,Helvetica,sans-serif;\"> Pour les enfants mineurs, il faut la CNI du parent qui signe la demande.<\/span><\/li>\n<\/ul>\n<p><span style=\"font-size: 14pt; font-family: Arial,Helvetica,sans-serif; color: #0da843;\">Pour un renouvellement<\/span><\/p>\n<ul>\n<li><span style=\"font-size: 14pt; font-family: Arial,Helvetica,sans-serif;\">ancien passeport<\/span><\/li>\n<li><span style=\"font-size: 14pt; font-family: Arial,Helvetica,sans-serif;\">CNI en cours de validit\u00e9<\/span><\/li>\n<li><span style=\"font-size: 14pt; font-family: Arial,Helvetica,sans-serif;\">coordonn\u00e9es des parents (nom, pr\u00e9noms, date et lieu de naissance)<\/span><\/li>\n<li><span style=\"font-size: 14pt; font-family: Arial,Helvetica,sans-serif;\">pr\u00e9ciser votre taille, la couleur de vos yeux<\/span><\/li>\n<li><span style=\"font-size: 14pt; font-family: Arial,Helvetica,sans-serif;\">justificatif de domicile de \u2013 3 mois (facture EDF, SAUR ou t\u00e9l\u00e9phone, feuille d\u2019imposition. Le RIB n\u2019est pas admis)<\/span><\/li>\n<li><span style=\"font-size: 14pt; font-family: Arial,Helvetica,sans-serif;\">1 photo r\u00e9cente conforme aux normes r\u00e9glementaires<\/span><\/li>\n<li><span style=\"font-size: 14pt; font-family: Arial,Helvetica,sans-serif;\">timbre fiscal (acheter en ligne sur <a href=\"https:\/\/timbres.impots.gouv.fr\/\">impots.gouv.fr<\/a>) :<\/span><br \/>\n<span style=\"font-size: 14pt; font-family: Arial,Helvetica,sans-serif;\"> \u2013 adulte : 86 \u20ac<\/span><br \/>\n<span style=\"font-size: 14pt; font-family: Arial,Helvetica,sans-serif;\"> \u2013 mineur + de 15 ans : 42 \u20ac<\/span><br \/>\n<span style=\"font-size: 14pt; font-family: Arial,Helvetica,sans-serif;\"> \u2013 mineur \u2013 de 15 ans : 17 \u20ac<\/span><\/li>\n<\/ul>\n<p><span style=\"font-size: 14pt; font-family: Arial,Helvetica,sans-serif;\">Toutefois, le renouvellement du passeport est effectu\u00e9 \u00e0 titre gratuit jusqu\u2019\u00e0 concurrence de leur validit\u00e9, dans les cas suivants :<\/span><\/p>\n<ul>\n<li><span style=\"font-size: 14pt; font-family: Arial,Helvetica,sans-serif;\">modification d\u2019\u00e9tat civil<\/span><\/li>\n<li><span style=\"font-size: 14pt; font-family: Arial,Helvetica,sans-serif;\">erreur imputable \u00e0 l\u2019administration<\/span><\/li>\n<li><span style=\"font-size: 14pt; font-family: Arial,Helvetica,sans-serif;\">pages du passeport r\u00e9serv\u00e9es au visa, enti\u00e8rement utilis\u00e9es<\/span><\/li>\n<\/ul>\n<p><span style=\"font-size: 14pt; font-family: Arial,Helvetica,sans-serif;\">En cas de perte ou de vol, joindre 25 \u20ac en timbres fiscaux.<\/span><\/p>\n<p><span style=\"font-size: 14pt; font-family: Arial,Helvetica,sans-serif; color: #0da843;\">Important<\/span><\/p>\n<ul>\n<li><span style=\"font-size: 14pt; font-family: Arial,Helvetica,sans-serif;\">si les parents sont s\u00e9par\u00e9s ou divorc\u00e9s, joindre une copie du jugement d\u00e9signant le parent qui exerce l\u2019autorit\u00e9 parentale<\/span><\/li>\n<li><span style=\"font-size: 14pt; font-family: Arial,Helvetica,sans-serif;\">si les parents ne sont pas mari\u00e9s, joindre un acte de naissance mentionnant la reconnaissance par les 2 parents avant l\u2019\u00e2ge d\u2019un an (dans le cas o\u00f9 vous ne poss\u00e9dez pas de titre s\u00e9curis\u00e9) ou une d\u00e9claration conjointe d\u2019exercice de l\u2019autorit\u00e9 parentale, ou encore une d\u00e9cision de justice<\/span><\/li>\n<li><span style=\"font-size: 14pt; font-family: Arial,Helvetica,sans-serif;\">si l\u2019enfant est en garde altern\u00e9e, les 2 parents devront fournir un justificatif de domicile de \u2013 3 mois (facture EDF, SAUR ou t\u00e9l\u00e9phone, feuille d\u2019imposition. Le RIB n\u2019est pas admis)<\/span><\/li>\n<li><span style=\"font-size: 14pt; font-family: Arial,Helvetica,sans-serif;\">si l\u2019enfant \u00e0 + de 13 ans, sa pr\u00e9sence est requise pour la prise d\u2019empreinte<\/span><\/li>\n<\/ul>\n<p><span style=\"font-size: 14pt; font-family: Arial,Helvetica,sans-serif; color: #0da843;\">D\u00e9lais en pr\u00e9fecture<\/span><\/p>\n<ul>\n<li><span style=\"font-size: 14pt; font-family: Arial,Helvetica,sans-serif;\">3 semaines<\/span><\/li>\n<\/ul>\n","protected":false},"excerpt":{"rendered":"<p>Carte nationale d&rsquo;identit\u00e9 d&rsquo;une personne majeure et mineure premi\u00e8re demande et renouvellement Depuis le 1er janvier 2014, les cartes nationales d&rsquo;identit\u00e9 sont valables 15 ans pour les personnes majeures. Les cartes d\u00e9livr\u00e9es entre le 2 janvier 2004 et le 31<\/p>\n","protected":false},"author":4,"featured_media":0,"comment_status":"closed","ping_status":"closed","sticky":false,"template":"","format":"standard","meta":{"ngg_post_thumbnail":0,"footnotes":""},"categories":[1],"tags":[],"class_list":["post-3955","post","type-post","status-publish","format-standard","hentry","category-non-classe"],"_links":{"self":[{"href":"https:\/\/www.coteauxdublanzacais.fr\/index.php?rest_route=\/wp\/v2\/posts\/3955","targetHints":{"allow":["GET"]}}],"collection":[{"href":"https:\/\/www.coteauxdublanzacais.fr\/index.php?rest_route=\/wp\/v2\/posts"}],"about":[{"href":"https:\/\/www.coteauxdublanzacais.fr\/index.php?rest_route=\/wp\/v2\/types\/post"}],"author":[{"embeddable":true,"href":"https:\/\/www.coteauxdublanzacais.fr\/index.php?rest_route=\/wp\/v2\/users\/4"}],"replies":[{"embeddable":true,"href":"https:\/\/www.coteauxdublanzacais.fr\/index.php?rest_route=%2Fwp%2Fv2%2Fcomments&post=3955"}],"version-history":[{"count":8,"href":"https:\/\/www.coteauxdublanzacais.fr\/index.php?rest_route=\/wp\/v2\/posts\/3955\/revisions"}],"predecessor-version":[{"id":4714,"href":"https:\/\/www.coteauxdublanzacais.fr\/index.php?rest_route=\/wp\/v2\/posts\/3955\/revisions\/4714"}],"wp:attachment":[{"href":"https:\/\/www.coteauxdublanzacais.fr\/index.php?rest_route=%2Fwp%2Fv2%2Fmedia&parent=3955"}],"wp:term":[{"taxonomy":"category","embeddable":true,"href":"https:\/\/www.coteauxdublanzacais.fr\/index.php?rest_route=%2Fwp%2Fv2%2Fcategories&post=3955"},{"taxonomy":"post_tag","embeddable":true,"href":"https:\/\/www.coteauxdublanzacais.fr\/index.php?rest_route=%2Fwp%2Fv2%2Ftags&post=3955"}],"curies":[{"name":"wp","href":"https:\/\/api.w.org\/{rel}","templated":true}]}}