{"id":4021,"date":"2017-09-25T14:28:09","date_gmt":"2017-09-25T13:28:09","guid":{"rendered":"http:\/\/www.coteauxdublanzacais.fr\/?p=4021"},"modified":"2019-07-15T13:59:59","modified_gmt":"2019-07-15T12:59:59","slug":"mariage-union-bapteme-civil","status":"publish","type":"post","link":"https:\/\/www.coteauxdublanzacais.fr\/?p=4021","title":{"rendered":"Mariage, union, bapt\u00eame civil"},"content":{"rendered":"<p><span style=\"font-family: Arial,Helvetica,sans-serif; font-size: 14pt;\">Qui ne connait pas cette phrase : \u00ab vous voil\u00e0 maintenant unis, pour le meilleur et pour le pire \u00bb ?<\/span><\/p>\n<p><span style=\"font-family: Arial,Helvetica,sans-serif; font-size: 14pt;\">Seulement voil\u00e0, l\u2019engagement de deux personnes l\u2019une envers l\u2019autre se traduit notamment dans les documents juridiques qu\u2019elles signent. Il est donc tr\u00e8s important de faire les bons choix.<\/span><\/p>\n<p style=\"text-align: center;\"><span style=\"font-family: Arial,Helvetica,sans-serif; font-size: 14pt;\"><strong>&nbsp;<\/strong><\/span><span style=\"font-family: Arial,Helvetica,sans-serif; font-size: 18pt; color: #0da843;\"><strong>Je me marie ou je m\u2019unis ?<\/strong><\/span><\/p>\n<p><span style=\"font-family: Arial,Helvetica,sans-serif; font-size: 14pt;\">Le mariage consiste en l\u2019engagement de deux personnes \u00e2g\u00e9es d\u2019au moins 16 ans, qui ont obtenu le consentement de leurs parents ou de leur tuteur si elles n\u2019ont pas 18 ans.<\/span><\/p>\n<p><span style=\"font-family: Arial,Helvetica,sans-serif; font-size: 14pt;\">L\u2019union civile ou pacs (institu\u00e9 par la loi en 1999) consiste en l\u2019engagement de deux personnes c\u00e9libataires de m\u00eame sexe ou de sexe diff\u00e9rent, s\u00e9par\u00e9es par plus de trois degr\u00e9s de parent\u00e9, \u00e2g\u00e9es de 18 ans ou plus, qui expriment publiquement leur consentement libre et \u00e9clair\u00e9 \u00e0 faire vie commune et \u00e0 respecter les droits et obligations li\u00e9s \u00e0 cet \u00e9tat civil.<\/span><\/p>\n<p><span style=\"font-family: Arial,Helvetica,sans-serif; font-size: 14pt;\">La demande doit \u00eatre formul\u00e9e conjointement aupr\u00e8s de la Commune de r\u00e9sidence. Le pacs a des cons\u00e9quences juridiques imm\u00e9diates (aide mutuelle et mat\u00e9rielle) ou diff\u00e9r\u00e9es (fiscalit\u00e9, dons, legs, succession\u2026).<\/span><\/p>\n<p>&nbsp;<\/p>\n<p style=\"text-align: center;\"><span style=\"font-family: Arial,Helvetica,sans-serif; font-size: 18pt; color: #0da843;\"><strong>Mariage<\/strong><\/span><\/p>\n<p><span style=\"font-family: Arial,Helvetica,sans-serif; font-size: 14pt;\">Le mariage est c\u00e9l\u00e9br\u00e9 \u00e0 Coteaux-du-Blanzacais \u00e0 la condition que l\u2019un des deux futurs \u00e9poux y r\u00e9side. Ces derniers doivent prendre contact avec le <strong>service de l\u2019\u00e9tat civil<\/strong> ; ils s\u2019y pr\u00e9senteront tous les deux et arr\u00eateront la date et l\u2019heure de leur c\u00e9l\u00e9bration et lui remettront un dossier dument renseign\u00e9 par leurs soins.<\/span><\/p>\n<p><span style=\"font-family: Arial,Helvetica,sans-serif; font-size: 14pt;\">Si aucun des futurs conjoints ne sont habitants de Coteaux-du-Blanzacais mais souhaitent n\u00e9anmoins \u00eatre unis sur cette commune, ils doivent en formuler la demande aupr\u00e8s de Monsieur le maire qui saisira le Procureur de la R\u00e9publique pour accord.<\/span><\/p>\n<p><span style=\"font-family: Arial,Helvetica,sans-serif; font-size: 14pt;\">Attention \u00e0 la date du mariage ; la constitution du dossier de mariage peut \u00eatre longue (r\u00e9cup\u00e9ration des actes de naissance, signature d\u2019un contrat de mariage\u2026), Il est donc important d\u2019anticiper le plus possible vos d\u00e9marches et de d\u00e9poser votre dossier au moins 2 mois avant la date souhait\u00e9e du mariage.<\/span><\/p>\n<p><span style=\"font-family: Arial,Helvetica,sans-serif; font-size: 14pt;\">Le mariage est g\u00e9n\u00e9ralement c\u00e9l\u00e9br\u00e9 par M. le Maire mais il peut l\u2019\u00eatre par l\u2019un de ses adjoints. A l\u2019occasion, les futurs \u00e9poux peuvent, s\u2019ils souhaitent \u00eatre unis par un \u00e9lu de leur choix (par pr\u00e9f\u00e9rence ou filiation), en faire la demande.<\/span><\/p>\n<p><span style=\"font-family: Arial,Helvetica,sans-serif; font-size: 14pt; color: #0da843;\"><strong>Pi\u00e8ces \u00e0 fournir<\/strong><\/span><\/p>\n<ul>\n<li><span style=\"font-family: Arial,Helvetica,sans-serif; font-size: 14pt;\">la fiche de renseignements concernant les futurs \u00e9poux (profession, adresse, date de naissance et identit\u00e9 du p\u00e8re et de la m\u00e8re du futur \u00e9poux\u2026)<\/span><\/li>\n<li><span style=\"font-family: Arial,Helvetica,sans-serif; font-size: 14pt;\">certificat de notaire si vous avez pr\u00e9vu d\u2019\u00e9tablir un contrat de mariage<\/span><\/li>\n<li><span style=\"font-family: Arial,Helvetica,sans-serif; font-size: 14pt;\">la fiche de renseignements concernant les t\u00e9moins choisis d\u2019un commun accord avec photocopies de leurs pi\u00e8ces d\u2019identit\u00e9<\/span><\/li>\n<\/ul>\n<p><span style=\"font-family: Arial,Helvetica,sans-serif; font-size: 14pt; color: #0da843;\"><strong>Pour chacun des futurs \u00e9poux<\/strong><\/span><\/p>\n<ul>\n<li><span style=\"font-family: Arial,Helvetica,sans-serif; font-size: 14pt;\">l\u2019acte de naissance (copie int\u00e9grale) dat\u00e9s de moins de 3 mois au moment du d\u00e9p\u00f4t du dossier<\/span><\/li>\n<li><span style=\"font-family: Arial,Helvetica,sans-serif; font-size: 14pt;\">un justificatif de domicile r\u00e9cent (avis d\u2019imposition sur le revenu, taxe d\u2019habitation, taxe fonci\u00e8re, loyer, facture)<\/span><\/li>\n<li><span style=\"font-family: Arial,Helvetica,sans-serif; font-size: 14pt;\">une pi\u00e8ce d\u2019identit\u00e9 (carte nationale d\u2019identit\u00e9, passeport, carte de s\u00e9jour)<\/span><\/li>\n<\/ul>\n<p><span style=\"font-family: Arial,Helvetica,sans-serif; font-size: 14pt; color: #0da843;\"><strong>Si vous \u00eates dans les situations suivantes<\/strong><\/span><\/p>\n<ul>\n<li><span style=\"font-family: Arial,Helvetica,sans-serif; font-size: 14pt;\">si vous \u00eates veuf ou veuve, acte de d\u00e9c\u00e8s du conjoint pr\u00e9c\u00e9dent<\/span><\/li>\n<li><span style=\"font-family: Arial,Helvetica,sans-serif; font-size: 14pt;\">si vous \u00eates divorc\u00e9(e) acte de mariage portant la mention de divorce<\/span><\/li>\n<li><span style=\"font-family: Arial,Helvetica,sans-serif; font-size: 14pt;\">si vous avez un ou plusieurs enfants communs, acte(s) de naissance du ou des enfants communs pour la r\u00e9daction du livret de famille<\/span><\/li>\n<\/ul>\n<p><span style=\"font-family: Arial,Helvetica,sans-serif; font-size: 14pt; color: #0da843;\"><strong>Pour les futurs \u00e9poux \u00e9trangers<\/strong><\/span><\/p>\n<ul>\n<li><span style=\"font-family: Arial,Helvetica,sans-serif; font-size: 14pt;\">acte de naissance (copie int\u00e9grale ou extrait plurilingue) d\u00e9livr\u00e9 par les autorit\u00e9s du lieu de naissance dat\u00e9 de moins de 6 mois au moment du d\u00e9p\u00f4t du dossier<\/span><\/li>\n<li><span style=\"font-family: Arial,Helvetica,sans-serif; font-size: 14pt;\">certificat de coutume d\u00e9livr\u00e9 par une autorit\u00e9 \u00e9trang\u00e8re (il s\u2019agit de l\u2019attestation d\u2019un juriste \u00e9tranger relative \u00e0 l\u2019existence, au contenu et \u00e0 l\u2019interpr\u00e9tation d\u2019une loi \u00e9trang\u00e8re)<\/span><\/li>\n<li><span style=\"font-family: Arial,Helvetica,sans-serif; font-size: 14pt;\">certificat de c\u00e9libat (ou capacit\u00e9 matrimoniale) d\u00e9livr\u00e9 par une autorit\u00e9 \u00e9trang\u00e8re (le certificat de capacit\u00e9 matrimoniale est un document administratif qui certifie que le futur \u00e9poux de nationalit\u00e9 \u00e9trang\u00e8re peut se marier en France et atteste de l\u2019absence d\u2019emp\u00eachement)<\/span><\/li>\n<\/ul>\n<p><span style=\"font-family: Arial,Helvetica,sans-serif; font-size: 14pt;\">Les pi\u00e8ces d\u00e9pos\u00e9es pour le mariage ne sont pas rendues. Elles sont annex\u00e9es au registre contenant l\u2019acte et envoy\u00e9es au greffe du tribunal de grande instance.<\/span><\/p>\n<p>&nbsp;<\/p>\n<p>&nbsp;<\/p>\n<p style=\"text-align: center;\"><span style=\"font-family: Arial,Helvetica,sans-serif; font-size: 18pt; color: #0da843;\"><strong>Pacte civil de solidarit\u00e9 (Pacs)<\/strong><\/span><\/p>\n<p><span style=\"font-family: Arial,Helvetica,sans-serif; font-size: 14pt;\">A partir du <strong>1er novembre 2017<\/strong>, l&rsquo;enregistrement des pactes civils de solidarit\u00e9 (Pacs) sera transf\u00e9r\u00e9 aux mairies. Jusqu\u2019\u00e0 cette date, les tribunaux d\u2019instance restent comp\u00e9tents pour toutes demandes d\u2019information ou de rendez-vous relatives au Pacs.<\/span><\/p>\n<p><span style=\"font-family: Arial,Helvetica,sans-serif; font-size: 14pt;\">Pour conclure un pacte civil de solidarit\u00e9 (Pacs), les partenaires doivent r\u00e9diger une convention et la faire enregistrer.<\/span><\/p>\n<p><span style=\"font-family: Arial,Helvetica,sans-serif; font-size: 14pt; color: #0da843;\"><strong>Les d\u00e9marches du Pacs<\/strong><\/span><\/p>\n<p><span style=\"font-family: Arial,Helvetica,sans-serif; font-size: 14pt;\">Le lieu d&rsquo;enregistrement du Pacs d\u00e9pend du pays de la r\u00e9sidence commune. Il s&rsquo;agit :<\/span><\/p>\n<ul>\n<li><span style=\"font-family: Arial,Helvetica,sans-serif; font-size: 14pt;\">de la commune de r\u00e9sidence commune si elle se trouve en France,<\/span><\/li>\n<li><span style=\"font-family: Arial,Helvetica,sans-serif; font-size: 14pt;\">du notaire,<\/span><\/li>\n<li><span style=\"font-family: Arial,Helvetica,sans-serif; font-size: 14pt;\">du Consulat ou de l&rsquo;Ambassade de France du lieu de la r\u00e9sidence commune si elle se trouve \u00e0 l&rsquo;\u00e9tranger.<\/span><\/li>\n<\/ul>\n<p><span style=\"font-family: Arial,Helvetica,sans-serif; font-size: 14pt;\">Les personnes doivent se pr\u00e9senter en personne. Il n&rsquo;est pas possible de se faire repr\u00e9senter par un tiers. En cas d&#8217;emp\u00eachement grave, l&rsquo;officier d&rsquo;\u00e9tat civil peut se d\u00e9placer pour enregistrer le Pacs.<\/span><\/p>\n<p><span style=\"font-family: Arial,Helvetica,sans-serif; font-size: 14pt;\"><strong>Attention : le d\u00e9p\u00f4t du dossier se fait uniquement sur rendez-vous.&nbsp;<\/strong><\/span><\/p>\n<p><span style=\"font-family: Arial,Helvetica,sans-serif; font-size: 14pt;\"><strong>&nbsp;<\/strong><\/span><\/p>\n<p><span style=\"font-family: Arial,Helvetica,sans-serif; font-size: 14pt; color: #0da843;\"><strong>Les pi\u00e8ces \u00e0 fournir par chaque partenaire<\/strong><\/span><\/p>\n<p><span style=\"font-family: Arial,Helvetica,sans-serif; font-size: 14pt;\">&#8211; La <a href=\"https:\/\/www.service-public.fr\/particuliers\/vosdroits\/R34629\" target=\"_blank\" rel=\"noopener noreferrer\">Convention de Pacs<\/a><\/span><\/p>\n<p><span style=\"font-family: Arial,Helvetica,sans-serif; font-size: 12pt;\">Les partenaires doivent r\u00e9diger et signer une convention. La convention peut \u00e9galement \u00eatre r\u00e9dig\u00e9e par un notaire, dans ce cas le notaire enregistre le Pacs.<\/span><\/p>\n<p><span style=\"font-family: Arial,Helvetica,sans-serif; font-size: 12pt;\">La convention peut soit constater l&rsquo;engagement et la volont\u00e9 d&rsquo;\u00eatre li\u00e9s par un Pacs ou soit fixer pr\u00e9cis\u00e9ment les conditions de participation de chacun \u00e0 cette vie commune (notamment choix du r\u00e9gime applicable : s\u00e9paration des biens, r\u00e9gime de l&rsquo;indivision&#8230;).<\/span><\/p>\n<p><span style=\"font-family: Arial,Helvetica,sans-serif; font-size: 12pt;\">La convention peut simplement :<\/span><\/p>\n<ul>\n<li><span style=\"font-family: Arial,Helvetica,sans-serif; font-size: 12pt;\">faire r\u00e9f\u00e9rence \u00e0 la loi instituant le Pacs : \u00ab\u00a0Nous, X et Y, concluons un pacte civil de solidarit\u00e9 r\u00e9gi par la loi n\u00b099-944 du 15 novembre 1999 modifi\u00e9e\u00a0\u00bb,<\/span><\/li>\n<li><span style=\"font-family: Arial,Helvetica,sans-serif; font-size: 12pt;\">et pr\u00e9ciser les modalit\u00e9s de l&rsquo;aide mat\u00e9rielle \u00e0 laquelle les partenaires seront tenus.<\/span><\/li>\n<\/ul>\n<p><span style=\"font-family: Arial,Helvetica,sans-serif; font-size: 12pt;\">Il faut fournir la convention de Pacs (une seule convention pour les 2 partenaires).<\/span><\/p>\n<p><span style=\"font-family: Arial,Helvetica,sans-serif; font-size: 12pt;\">Le service Etat Civil restitue aux partenaires la convention d\u00fbment vis\u00e9e sans en garder de copie.<\/span><\/p>\n<p><span style=\"font-size: 14pt;\"><a href=\"https:\/\/www.service-public.fr\/particuliers\/vosdroits\/R48756\" target=\"_blank\" rel=\"noopener noreferrer\"><span style=\"font-family: Arial,Helvetica,sans-serif;\">&#8211; La d\u00e9claration conjointe<\/span><\/a><\/span><\/p>\n<p><span style=\"font-family: Arial,Helvetica,sans-serif; font-size: 14pt;\">&#8211; Les Actes de naissance et pi\u00e8ces d&rsquo;identit\u00e9s<\/span><\/p>\n<p><span style=\"font-family: Arial,Helvetica,sans-serif; font-size: 12pt;\">Chaque partenaire doit fournir les documents suivants :<\/span><\/p>\n<p><span style=\"font-family: Arial,Helvetica,sans-serif; font-size: 12pt;\">&#8211; Copie int\u00e9grale (ou un extrait de son acte de naissance avec filiation) : l&rsquo;acte doit \u00eatre dat\u00e9 de moins de 3 mois (6 mois si la personne est \u00e9trang\u00e8re et n\u00e9e hors de France)<\/span><\/p>\n<p><span style=\"font-family: Arial,Helvetica,sans-serif; font-size: 12pt;\">A noter : si une des personnes est n\u00e9e \u00e0 l&rsquo;\u00e9tranger, les documents doivent \u00eatre traduits et le signataire du document authentifi\u00e9.<\/span><\/p>\n<p><span style=\"font-family: Arial,Helvetica,sans-serif; font-size: 12pt;\">Les actes d\u2019\u00e9tat civil \u00e9trangers produits dans le cadre de la proc\u00e9dure de conclusion d\u2019un PACS doivent \u00eatre traduits par un traducteur asserment\u00e9 et l\u00e9galis\u00e9s\/apostill\u00e9s.<\/span><\/p>\n<p><span style=\"font-family: Arial,Helvetica,sans-serif; font-size: 12pt;\">&#8211; Pi\u00e8ce d&rsquo;identit\u00e9 d\u00e9livr\u00e9e par une administration publique (exemples : carte nationale d&rsquo;identit\u00e9, passeport) pour chacun des partenaires.<\/span><\/p>\n<p><span style=\"font-family: Arial,Helvetica,sans-serif; font-size: 14pt;\">&#8211; Les Attestations sur l&rsquo;honneur<\/span><\/p>\n<p><span style=\"font-family: Arial,Helvetica,sans-serif; font-size: 14pt;\"><a href=\"https:\/\/www.formulaires.modernisation.gouv.fr\/gf\/cerfa_15725.do\" target=\"_blank\" rel=\"noopener noreferrer\">Attestation sur l&rsquo;honneur au terme de laquelle chaque partenaire certifie qu&rsquo;il n&rsquo;a pas de lien de parent\u00e9 ou d&rsquo;alliance avec l&rsquo;autre et attestant de leur r\u00e9sidence commune<\/a> (<\/span><span style=\"font-family: Arial,Helvetica,sans-serif; font-size: 14pt;\"> cette adresse doit \u00eatre situ\u00e9e dans le ressort du tribunal d&rsquo;instance o\u00f9 est faite la d\u00e9claration conjointe de Pacs).<\/span><\/p>\n<p><span style=\"font-family: Arial,Helvetica,sans-serif; font-size: 14pt;\"><strong><a href=\"https:\/\/www.paris.fr\/services-et-infos-pratiques\/aides-et-demarches\/demarches\/mariage-et-pacs-93#3l7dc-3\"><span style=\"color: #339966;\"><span style=\"color: #0da843;\">Si l&rsquo;un des partenaires est \u00e9tranger et n\u00e9 \u00e0 l&rsquo;\u00e9tranger<\/span><\/span><\/a><\/strong><\/span><\/p>\n<p><span style=\"font-family: Arial,Helvetica,sans-serif; font-size: 14pt;\">&#8211; Certificat de non-pacte civil de solidarit\u00e9 dat\u00e9 de moins de 3 mois. Ce document peut \u00eatre demand\u00e9 par courrier en utilisant le <a href=\"https:\/\/mdel.mon.service-public.fr\/mademarchev5\/sfjsp?interviewID=12819\" target=\"_blank\" rel=\"noopener noreferrer\">formulaire cerfa n\u00b012819*03<\/a> .<\/span><\/p>\n<p><span style=\"font-family: Arial,Helvetica,sans-serif; font-size: 14pt;\">&#8211; Certificat de coutume \u00e9tabli par les autorit\u00e9s diplomatiques ou consulaires du pays, reproduisant la l\u00e9gislation en vigueur dans cet \u00c9tat et d\u00e9crivant les pi\u00e8ces d&rsquo;\u00e9tat civil \u00e9trang\u00e8res prouvant que le partenaire est majeur, c\u00e9libataire et juridiquement capable de contracter. Le certificat doit \u00eatre accompagn\u00e9 des pi\u00e8ces d&rsquo;\u00e9tat civil correspondantes dat\u00e9s de moins de 6 mois et traduites en Fran\u00e7ais par un traducteur asserment\u00e9 ou par les autorit\u00e9s consulaires. Elles doivent aussi \u00eatre l\u00e9galis\u00e9es (sauf convention entre la France et le pays \u00e9tranger concern\u00e9)<\/span><\/p>\n<p><span style=\"font-family: Arial,Helvetica,sans-serif; font-size: 14pt;\">&#8211; Si le partenaire r\u00e9side en France depuis plus d&rsquo;1 an : attestation de non inscription au r\u00e9pertoire civil, qui permet de v\u00e9rifier notamment qu&rsquo;aucune d\u00e9cision relative aux tutelles, aux curatelles ne figure au r\u00e9pertoire civil.<\/span><\/p>\n<p><span style=\"font-family: Arial,Helvetica,sans-serif; font-size: 14pt;\">Cette attestation doit \u00eatre demand\u00e9e au Service central de l&rsquo;\u00e9tat civil en pr\u00e9cisant ses nom, pr\u00e9noms, date et le lieu de naissance et l&rsquo;adresse \u00e0 laquelle l&rsquo;attestation doit \u00eatre envoy\u00e9e :<\/span><\/p>\n<p><span style=\"font-family: Arial,Helvetica,sans-serif; font-size: 14pt;\">&#8211; soit par voie postale,<\/span><\/p>\n<p><span style=\"font-family: Arial,Helvetica,sans-serif; font-size: 14pt;\">&#8211; soit par t\u00e9l\u00e9copie (exclusivement en cas d&rsquo;urgence av\u00e9r\u00e9e)<\/span><\/p>\n<p><span style=\"font-family: Arial,Helvetica,sans-serif; font-size: 14pt;\">&#8211; ou soit par voie \u00e9lectronique \u00e0 l&rsquo;adresse suivante : <a href=\"mailto:rc.scec@diplomatie.gouv.fr\" target=\"_blank\" rel=\"noopener noreferrer\">rc.scec@diplomatie.gouv.fr<\/a><\/span><\/p>\n<p><span style=\"font-family: Arial,Helvetica,sans-serif; font-size: 14pt;\">A noter : Tous les documents doivent \u00eatre traduits et le signataire du document authentifi\u00e9.<\/span><\/p>\n<p><span style=\"font-family: Arial,Helvetica,sans-serif; font-size: 14pt;\"><strong><a href=\"https:\/\/www.paris.fr\/services-et-infos-pratiques\/aides-et-demarches\/demarches\/mariage-et-pacs-93#3l7dc-4\"><span style=\"color: #339966;\"><span style=\"color: #0da843;\">Si l&rsquo;un des partenaires est divorc\u00e9<\/span><\/span><\/a><\/strong><\/span><\/p>\n<p><span style=\"font-family: Arial,Helvetica,sans-serif; font-size: 14pt;\">Fournir le livret de famille correspondant \u00e0 l&rsquo;ancienne union portant la mention du divorce ou la copie int\u00e9grale (ou extrait avec filiation) de l&rsquo;acte de mariage portant la mention du divorce.<\/span><\/p>\n<p><span style=\"font-family: Arial,Helvetica,sans-serif; font-size: 14pt;\">A savoir : il n&rsquo;y a pas de d\u00e9lai d&rsquo;attente entre le divorce et la conclusion d&rsquo;un Pacs.<\/span><\/p>\n<p><span style=\"font-family: Arial,Helvetica,sans-serif; font-size: 14pt;\"><strong><a href=\"https:\/\/www.paris.fr\/services-et-infos-pratiques\/aides-et-demarches\/demarches\/mariage-et-pacs-93#3l7dc-5\"><span style=\"color: #339966;\"><span style=\"color: #0da843;\">Si l&rsquo;un des partenaires est veuf<\/span><\/span><\/a><\/strong><\/span><\/p>\n<p><span style=\"font-family: Arial,Helvetica,sans-serif; font-size: 14pt;\">Fournir le livret de famille correspondant \u00e0 l&rsquo;ancienne union portant la mention du d\u00e9c\u00e8s ou la copie int\u00e9grale (ou extrait avec filiation) de l&rsquo;acte de naissance du conjoint d\u00e9c\u00e9d\u00e9 portant la mention du d\u00e9c\u00e8s.<\/span><\/p>\n<p><span style=\"font-family: Arial,Helvetica,sans-serif; font-size: 14pt; color: #0da843;\"><strong>&nbsp;<\/strong><\/span><\/p>\n<p><span style=\"font-family: Arial,Helvetica,sans-serif; font-size: 14pt; color: #0da843;\"><strong>Enregistrement et publicit\u00e9 du Pacs<\/strong><\/span><\/p>\n<p><span style=\"font-family: Arial,Helvetica,sans-serif; font-size: 14pt;\">Apr\u00e8s v\u00e9rification des pi\u00e8ces pr\u00e9sent\u00e9es, l&rsquo;officier d&rsquo;Etat Civil ou le notaire enregistre la d\u00e9claration si les conditions l\u00e9gales sont remplies.<\/span><\/p>\n<p><span style=\"font-family: Arial,Helvetica,sans-serif; font-size: 14pt;\">Lorsque le Pacs est conclu \u00e0 l&rsquo;\u00e9tranger, l&rsquo;enregistrement de la d\u00e9claration est assur\u00e9 par les agents diplomatiques et consulaires fran\u00e7ais.<\/span><\/p>\n<p><span style=\"font-family: Arial,Helvetica,sans-serif; font-size: 14pt;\">Le Pacs produit ses effets entre les partenaires \u00e0 la date de son enregistrement.<\/span><\/p>\n<p><span style=\"font-family: Arial,Helvetica,sans-serif; font-size: 14pt;\">L&rsquo;officier d&rsquo;Etat Civil ou le notaire remet \u00e0 chaque partenaire pacs\u00e9 une fiche d&rsquo;information relative \u00e0 l&rsquo;enregistrement de la d\u00e9claration de Pacs.<\/span><\/p>\n<p><span style=\"font-family: Arial,Helvetica,sans-serif; font-size: 14pt;\">Apr\u00e8s l&rsquo;enregistrement du Pacs, l&rsquo;officier d&rsquo;Etat Civil ou le notaire transmet l&rsquo;information aux services en charge de l&rsquo;\u00e9tat civil. Le Pacs figure en mention marginale sur l&rsquo;acte de naissance de chaque partenaire.<\/span><\/p>\n<p><span style=\"font-family: Arial,Helvetica,sans-serif; font-size: 14pt;\">Pour les personnes \u00e9trang\u00e8res n\u00e9es \u00e0 l&rsquo;\u00e9tranger, cette information est port\u00e9e sur un registre tenu au greffe du tribunal de grande instance de Paris.<\/span><\/p>\n<p><span style=\"font-family: Arial,Helvetica,sans-serif; font-size: 14pt;\">Lorsque le Pacs est conclu \u00e0 l&rsquo;\u00e9tranger, l&rsquo;enregistrement de la d\u00e9claration est assur\u00e9 par les agents diplomatiques et consulaires fran\u00e7ais.<\/span><\/p>\n<p><span style=\"font-family: Arial,Helvetica,sans-serif; font-size: 14pt;\"><em>Pour plus d\u2019informations &nbsp;pour enregistrer un Pacs \u00e0 l&rsquo;\u00e9tranger , cliquez<\/em> <a href=\"http:\/\/www.diplomatie.gouv.fr\/fr\/services-aux-citoyens\/etat-civil-et-nationalite\/enregistrer-un-pacs-a-l-etranger\/\">ici<\/a><\/span><\/p>\n<p><span style=\"font-family: Arial,Helvetica,sans-serif; font-size: 14pt; color: #0da843;\"><strong>Pour les personnes pacs\u00e9es qui souhaitent se marier<\/strong><\/span><\/p>\n<p><span style=\"font-family: Arial,Helvetica,sans-serif; font-size: 14pt;\">Aucune mention ou de certificat de dissolution de Pacs n\u2019est n\u00e9cessaire dans la constitution du dossier de mariage. Le Pacs se dissout automatiquement par le mariage des partenaires ou de l&rsquo;un d&rsquo;eux. Le Pacs prend ainsi fin \u00e0 la date du mariage.<\/span><\/p>\n<p><span style=\"font-family: Arial,Helvetica,sans-serif; font-size: 14pt;\"><strong>&nbsp;<\/strong><\/span><\/p>\n<p style=\"text-align: center;\"><span style=\"font-family: Arial,Helvetica,sans-serif; font-size: 18pt; color: #0da843;\"><strong>Bapt\u00eame civil<\/strong><\/span><\/p>\n<p>&nbsp;<\/p>\n<p><span style=\"font-family: Arial,Helvetica,sans-serif; font-size: 14pt;\">Le bapt\u00eame civil, appel\u00e9 \u00e9galement \u00ab bapt\u00eame r\u00e9publicain \u00bb, permet de donner \u00e0 un enfant un parrain et une marraine sans avoir \u00e0 passer par l\u2019\u00e9glise. Il est accessible \u00e0 tous, que vous soyez ath\u00e9es ou de religion diff\u00e9rente.<\/span><\/p>\n<p><span style=\"font-family: Arial,Helvetica,sans-serif; font-size: 14pt;\">Historiquement, la notion de bapt\u00eame r\u00e9publicain remonte \u00e0 l\u2019\u00e9poque de la s\u00e9paration de l\u2019\u00c9glise et de l\u2019\u00c9tat, c\u2019est \u00e0 dire \u00e0 la r\u00e9volution fran\u00e7aise. Il a \u00e9t\u00e9 institu\u00e9 par le d\u00e9cret du 20 prairial an II (8 juin 1794) qui a d\u00e9cid\u00e9 que les municipalit\u00e9s seraient les seules institutions habilit\u00e9es \u00e0 \u00e9tablir les actes de l\u2019\u00e9tat civil.<\/span><\/p>\n<p><span style=\"font-family: Arial,Helvetica,sans-serif; font-size: 14pt;\">Le bapt\u00eame civil est aujourd\u2019hui plut\u00f4t appr\u00e9ci\u00e9 comme un compl\u00e9ment ou une alternative au bapt\u00eame religieux bien que l\u2019un n\u2019emp\u00eache pas l\u2019autre.<\/span><\/p>\n<p><span style=\"font-family: Arial,Helvetica,sans-serif; font-size: 14pt; color: #0da843;\"><strong>Le bapt\u00eame civil a-t-il une valeur juridique ?<\/strong><\/span><\/p>\n<p><span style=\"font-family: Arial,Helvetica,sans-serif; font-size: 14pt;\">NON, le bapt\u00eame civil ne pr\u00e9sente aucune valeur juridique et n\u2019est l\u2019objet d\u2019aucun texte l\u00e9gislatif ou r\u00e9glementaire.<\/span><\/p>\n<p><span style=\"font-family: Arial,Helvetica,sans-serif; font-size: 14pt;\">Comme pour un bapt\u00eame religieux, le certificat de bapt\u00eame remis pendant la c\u00e9r\u00e9monie n\u2019a aucune valeur l\u00e9gale. Il s\u2019agit uniquement d\u2019un engagement moral de la part des parrain et marraine traduisant leur attachement particulier \u00e0 l\u2019enfant.<\/span><\/p>\n<p><span style=\"font-family: Arial,Helvetica,sans-serif; font-size: 14pt;\">S\u2019il arrive malheur aux parents, le bapt\u00eame civil ne cr\u00e9e aucun lien de droit entre les int\u00e9ress\u00e9s. La d\u00e9signation d\u2019un tuteur ne peut se faire que par voie testamentaire notari\u00e9 ou d\u2019une d\u00e9claration sp\u00e9ciale devant notaire.<\/span><\/p>\n<p><span style=\"font-family: Arial,Helvetica,sans-serif; font-size: 14pt;\">Pour baptiser votre enfant \u00e0 Coteaux-du-Blanzacais, vous devez y r\u00e9sider. Faites en la demande par courrier aupr\u00e8s de M. le Maire.<\/span><\/p>\n<p><span style=\"font-family: Arial,Helvetica,sans-serif; font-size: 14pt; color: #0da843;\"><strong>Pi\u00e8ces \u00e0 fournir<\/strong><\/span><\/p>\n<ul>\n<li><span style=\"font-family: Arial,Helvetica,sans-serif; font-size: 14pt;\">copie int\u00e9grale de l\u2019acte de naissance de l\u2019enfant ou du livret de famille<\/span><\/li>\n<li><span style=\"font-family: Arial,Helvetica,sans-serif; font-size: 14pt;\">copie des pi\u00e8ces d\u2019identit\u00e9 des parents<\/span><\/li>\n<li><span style=\"font-family: Arial,Helvetica,sans-serif; font-size: 14pt;\">justificatif de domicile des parents de \u2013 de 3 mois (loyer, factures, impositions)<\/span><\/li>\n<li><span style=\"font-family: Arial,Helvetica,sans-serif; font-size: 14pt;\">copie de la pi\u00e8ce d\u2019identit\u00e9 du parrain et de la marraine<\/span><\/li>\n<li><span style=\"font-family: Arial,Helvetica,sans-serif; font-size: 14pt;\">justificatif de domicile du parrain<\/span><\/li>\n<li><span style=\"font-family: Arial,Helvetica,sans-serif; font-size: 14pt;\">justificatif de domicile de la marraine (si diff\u00e9rent du parrain)<\/span><\/li>\n<li><span style=\"font-family: Arial,Helvetica,sans-serif; font-size: 14pt;\">renseignements relatifs aux parents et parrain\/marraine<\/span><\/li>\n<\/ul>\n","protected":false},"excerpt":{"rendered":"<p>Qui ne connait pas cette phrase : \u00ab vous voil\u00e0 maintenant unis, pour le meilleur et pour le pire \u00bb ? Seulement voil\u00e0, l\u2019engagement de deux personnes l\u2019une envers l\u2019autre se traduit notamment dans les documents juridiques qu\u2019elles signent. Il<\/p>\n","protected":false},"author":4,"featured_media":0,"comment_status":"closed","ping_status":"closed","sticky":false,"template":"","format":"standard","meta":{"ngg_post_thumbnail":0,"footnotes":""},"categories":[1],"tags":[],"class_list":["post-4021","post","type-post","status-publish","format-standard","hentry","category-non-classe"],"_links":{"self":[{"href":"https:\/\/www.coteauxdublanzacais.fr\/index.php?rest_route=\/wp\/v2\/posts\/4021","targetHints":{"allow":["GET"]}}],"collection":[{"href":"https:\/\/www.coteauxdublanzacais.fr\/index.php?rest_route=\/wp\/v2\/posts"}],"about":[{"href":"https:\/\/www.coteauxdublanzacais.fr\/index.php?rest_route=\/wp\/v2\/types\/post"}],"author":[{"embeddable":true,"href":"https:\/\/www.coteauxdublanzacais.fr\/index.php?rest_route=\/wp\/v2\/users\/4"}],"replies":[{"embeddable":true,"href":"https:\/\/www.coteauxdublanzacais.fr\/index.php?rest_route=%2Fwp%2Fv2%2Fcomments&post=4021"}],"version-history":[{"count":12,"href":"https:\/\/www.coteauxdublanzacais.fr\/index.php?rest_route=\/wp\/v2\/posts\/4021\/revisions"}],"predecessor-version":[{"id":6701,"href":"https:\/\/www.coteauxdublanzacais.fr\/index.php?rest_route=\/wp\/v2\/posts\/4021\/revisions\/6701"}],"wp:attachment":[{"href":"https:\/\/www.coteauxdublanzacais.fr\/index.php?rest_route=%2Fwp%2Fv2%2Fmedia&parent=4021"}],"wp:term":[{"taxonomy":"category","embeddable":true,"href":"https:\/\/www.coteauxdublanzacais.fr\/index.php?rest_route=%2Fwp%2Fv2%2Fcategories&post=4021"},{"taxonomy":"post_tag","embeddable":true,"href":"https:\/\/www.coteauxdublanzacais.fr\/index.php?rest_route=%2Fwp%2Fv2%2Ftags&post=4021"}],"curies":[{"name":"wp","href":"https:\/\/api.w.org\/{rel}","templated":true}]}}